{"id":4685,"date":"2022-02-27T20:57:01","date_gmt":"2022-02-27T20:57:01","guid":{"rendered":"https:\/\/mfc08.de\/?p=4685"},"modified":"2022-02-27T20:57:03","modified_gmt":"2022-02-27T20:57:03","slug":"fv-bruehl-3-mfc-08-lindenhof-2-35-22","status":"publish","type":"post","link":"https:\/\/mfc08.de\/?p=4685","title":{"rendered":"FV Br\u00fchl 3 &#8211; MFC 08 Lindenhof 2  3:5 (2:2)"},"content":{"rendered":"\n<p>In einem turbulenten Spiel kam die zweite Mannschaft trotz dreimaligem R\u00fcckstandes beim FV Br\u00fchl 3 zu einem 5:3 (2:2) Sieg<\/p>\n\n\n\n<p>Wie eigentlich schon gewohnt tat sich die Mannschaft auf dem extrem kleinen Kunstrasen in Br\u00fchl zun\u00e4chst sehr schwer. Man hatte zwar von Beginn an mehr Ballbesitz, ohne sich aber zun\u00e4chst echte Chancen erspielen zu k\u00f6nnen. Nach einer halben Stunde gingen dann die Gastgeber durch einen Schuss aus 20 Metern in F\u00fchrung. Doch unsere Zweite reagierte schnell. Thorsten Rei\u00df eroberte den Ball in der gegnerischen H\u00e4lfte und seinen Querpass im Strafraum verwertete Nico Jehle zum Ausgleich. Kurz darauf w\u00e4hnte die Abwehr einen langen Ball im Toraus und Br\u00fchl nutzte die Unaufmerksamkeit zur erneuten F\u00fchrung. Allerdings dauerte er wieder nicht lange bis Mathias Roesinger mit einem satten Schuss aus 20 Metern den Ausgleich zum 2:2 Pausenstand erzielen konnte. Und auch zu Beginn der zweiten Halbzeit zeigte sich die Abwehr nicht im Bilde, so dass Br\u00fchl zum dritten Mal in F\u00fchrung gehen konnte. Aber schon im Gegenzug war es wiederum Mathias Roesinger der zum 3:3 traf. In der Folge erh\u00f6hte die Elf den Druck und es wurde deutlich, dass man hier den Sieg wollte. Eine Viertelstunde vor Schluss war es dann soweit. Nico Jehle erlief einen langen Ball, legte zur\u00fcck auf Mathias Roesinger und der traf mit seinem dritten Treffer zur jetzt verdienten F\u00fchrung. Wenig sp\u00e4ter legte Abdolaziz Hassan nach einem Freisto\u00df quer und Nico Jehle schn\u00fcrte aus kurzer Distanz seinen Doppelpack zum 5:3. Bei diesem Ergebnis blieb es dann bis zum Schluss.<\/p>\n\n\n\n<p>N\u00e4chste Woche tritt die Mannschaft bei der SG Oftersheim 2 an<\/p>\n","protected":false},"excerpt":{"rendered":"<p>In einem turbulenten Spiel kam die zweite Mannschaft trotz dreimaligem R\u00fcckstandes beim FV Br\u00fchl 3 zu einem 5:3 (2:2) Sieg Wie eigentlich schon gewohnt tat sich die Mannschaft auf dem extrem kleinen Kunstrasen in Br\u00fchl zun\u00e4chst sehr schwer. Man hatte zwar von Beginn an mehr Ballbesitz, ohne sich aber zun\u00e4chst echte Chancen erspielen zu k\u00f6nnen.&hellip;&nbsp;<a href=\"https:\/\/mfc08.de\/?p=4685\" rel=\"bookmark\">Weiterlesen &raquo;<span class=\"screen-reader-text\">FV Br\u00fchl 3 &#8211; MFC 08 Lindenhof 2  3:5 (2:2)<\/span><\/a><\/p>\n","protected":false},"author":5,"featured_media":1473,"comment_status":"closed","ping_status":"closed","sticky":false,"template":"","format":"standard","meta":{"neve_meta_sidebar":"","neve_meta_container":"","neve_meta_enable_content_width":"","neve_meta_content_width":0,"neve_meta_title_alignment":"","neve_meta_author_avatar":"","neve_post_elements_order":"","neve_meta_disable_header":"","neve_meta_disable_footer":"","neve_meta_disable_title":"","_themeisle_gutenberg_block_has_review":false,"footnotes":""},"categories":[5],"tags":[],"class_list":["post-4685","post","type-post","status-publish","format-standard","has-post-thumbnail","hentry","category-2-mannschaft"],"_links":{"self":[{"href":"https:\/\/mfc08.de\/index.php?rest_route=\/wp\/v2\/posts\/4685","targetHints":{"allow":["GET"]}}],"collection":[{"href":"https:\/\/mfc08.de\/index.php?rest_route=\/wp\/v2\/posts"}],"about":[{"href":"https:\/\/mfc08.de\/index.php?rest_route=\/wp\/v2\/types\/post"}],"author":[{"embeddable":true,"href":"https:\/\/mfc08.de\/index.php?rest_route=\/wp\/v2\/users\/5"}],"replies":[{"embeddable":true,"href":"https:\/\/mfc08.de\/index.php?rest_route=%2Fwp%2Fv2%2Fcomments&post=4685"}],"version-history":[{"count":1,"href":"https:\/\/mfc08.de\/index.php?rest_route=\/wp\/v2\/posts\/4685\/revisions"}],"predecessor-version":[{"id":4686,"href":"https:\/\/mfc08.de\/index.php?rest_route=\/wp\/v2\/posts\/4685\/revisions\/4686"}],"wp:featuredmedia":[{"embeddable":true,"href":"https:\/\/mfc08.de\/index.php?rest_route=\/wp\/v2\/media\/1473"}],"wp:attachment":[{"href":"https:\/\/mfc08.de\/index.php?rest_route=%2Fwp%2Fv2%2Fmedia&parent=4685"}],"wp:term":[{"taxonomy":"category","embeddable":true,"href":"https:\/\/mfc08.de\/index.php?rest_route=%2Fwp%2Fv2%2Fcategories&post=4685"},{"taxonomy":"post_tag","embeddable":true,"href":"https:\/\/mfc08.de\/index.php?rest_route=%2Fwp%2Fv2%2Ftags&post=4685"}],"curies":[{"name":"wp","href":"https:\/\/api.w.org\/{rel}","templated":true}]}}