{"id":4687,"date":"2022-02-27T21:01:44","date_gmt":"2022-02-27T21:01:44","guid":{"rendered":"https:\/\/mfc08.de\/?p=4687"},"modified":"2022-03-06T20:51:35","modified_gmt":"2022-03-06T20:51:35","slug":"vfr-mannheim-2-mfc-08-lindenhof-02-02","status":"publish","type":"post","link":"https:\/\/mfc08.de\/?p=4687","title":{"rendered":"VfR Mannheim 2 &#8211; MFC 08 Lindenhof 0:2 (0:2)"},"content":{"rendered":"\n<p>Dank einer starken k\u00e4mpferischen Leistung errang die erste Mannschaft einen wichtigen 2:0 (2:0) Sieg beim VfR Mannheim 2<\/p>\n\n\n\n<p>Die Gastgeber hatten zwar von Beginn an deutlich mehr Ballbesitz, ohne aber zun\u00e4chst wirkliche Torgefahr entwickeln zu k\u00f6nnen. Auf der Gegenseite zeigte sich unsere Erste dann gnadenlos effektiv. Nach einem Einwurf konnte sich Timo Staffeldt im Strafraum durchsetzen und den Ball \u00fcber den VfR-Torh\u00fcter zur F\u00fchrung ins Netz heben. Und schon kurz danach \u00fcberraschte Ivan Vlaho den gegnerischen Keeper mit einem Schuss aus gro\u00dfer Distanz und nach 20 Minuten f\u00fchrte der MFC 2:0. Mit der F\u00fchrung im R\u00fccken stand die Elf jetzt defensiv sicher und setzte auf Konter. Felix Schreckenberger hatte die M\u00f6glichkeit zu erh\u00f6hen, verfehlte das Tor aber knapp. Der VfR zwar weiterhin mit deutlich mehr Ballbesitz, aber weiterhin konnte man sich keine gro\u00dfen Chancen erspielen, die unsere Abwehr weiterhin sehr aufmerksam war. Somit ging es mit dieser 2:0 F\u00fchrung in die Pause. Der VfR startete druckvoll in die zweite Halbzeit und unsere Mannschaft gelang es in dieser Phase kaum f\u00fcr Entlastung zu sorgen, aber mit vereinten Kr\u00e4ften gelang es immer wieder, die Angriffe zu unterbinden. Eine erste Chance auf der anderen Seite bot sich dann Ivan Vlaho, aber er bekam den Ball kurz vor dem Tor nicht unter Kontrolle. Die Gastgeber versuchten es immer mehr mit hohen Flanken, aber entweder konnte unsere Abwehr kl\u00e4ren, oder die Kopfb\u00e4lle verfehlten das Ziel. Zudem zeigte sich Gerrit Schoch im Tor, wenn er gefordert wurde auf dem Posten. Eine Viertelstunde vor Schluss bot sich dann die Chance zur Entscheidung, doch ein Schuss von Timo Staffeldt nach Pass von Kevin Heck konnte von einem Abwehrspieler gerade noch abgeblockt werden. Somit warfen die VfRler bis zum Schluss alles nach vorne, aber die Abwehr stand bis zum Ende und somit konnte beim Abpfiiff \u00fcber ein 2:0 Sieg gejubelt werden.<\/p>\n\n\n\n<p>Die n\u00e4chste Woche gilt es bei der SG Hemsbach den R\u00fcckenwind aus diesem Sieg mitzunehmen und den n\u00e4chsten Dreier einzufahren&nbsp;&nbsp;&nbsp;&nbsp;&nbsp;&nbsp;&nbsp;&nbsp;&nbsp;&nbsp;&nbsp;&nbsp;&nbsp;&nbsp;&nbsp;&nbsp;&nbsp;&nbsp;&nbsp;&nbsp;&nbsp;&nbsp;&nbsp;&nbsp;&nbsp;&nbsp;&nbsp;&nbsp;&nbsp;&nbsp;<\/p>\n","protected":false},"excerpt":{"rendered":"<p>Dank einer starken k\u00e4mpferischen Leistung errang die erste Mannschaft einen wichtigen 2:0 (2:0) Sieg beim VfR Mannheim 2 Die Gastgeber hatten zwar von Beginn an deutlich mehr Ballbesitz, ohne aber zun\u00e4chst wirkliche Torgefahr entwickeln zu k\u00f6nnen. Auf der Gegenseite zeigte sich unsere Erste dann gnadenlos effektiv. Nach einem Einwurf konnte sich Timo Staffeldt im Strafraum&hellip;&nbsp;<a href=\"https:\/\/mfc08.de\/?p=4687\" rel=\"bookmark\">Weiterlesen &raquo;<span class=\"screen-reader-text\">VfR Mannheim 2 &#8211; MFC 08 Lindenhof 0:2 (0:2)<\/span><\/a><\/p>\n","protected":false},"author":5,"featured_media":4689,"comment_status":"closed","ping_status":"closed","sticky":false,"template":"","format":"standard","meta":{"neve_meta_sidebar":"","neve_meta_container":"","neve_meta_enable_content_width":"","neve_meta_content_width":0,"neve_meta_title_alignment":"","neve_meta_author_avatar":"","neve_post_elements_order":"","neve_meta_disable_header":"","neve_meta_disable_footer":"","neve_meta_disable_title":"","_themeisle_gutenberg_block_has_review":false,"footnotes":""},"categories":[3],"tags":[],"class_list":["post-4687","post","type-post","status-publish","format-standard","has-post-thumbnail","hentry","category-1-mannschaft"],"_links":{"self":[{"href":"https:\/\/mfc08.de\/index.php?rest_route=\/wp\/v2\/posts\/4687","targetHints":{"allow":["GET"]}}],"collection":[{"href":"https:\/\/mfc08.de\/index.php?rest_route=\/wp\/v2\/posts"}],"about":[{"href":"https:\/\/mfc08.de\/index.php?rest_route=\/wp\/v2\/types\/post"}],"author":[{"embeddable":true,"href":"https:\/\/mfc08.de\/index.php?rest_route=\/wp\/v2\/users\/5"}],"replies":[{"embeddable":true,"href":"https:\/\/mfc08.de\/index.php?rest_route=%2Fwp%2Fv2%2Fcomments&post=4687"}],"version-history":[{"count":2,"href":"https:\/\/mfc08.de\/index.php?rest_route=\/wp\/v2\/posts\/4687\/revisions"}],"predecessor-version":[{"id":4690,"href":"https:\/\/mfc08.de\/index.php?rest_route=\/wp\/v2\/posts\/4687\/revisions\/4690"}],"wp:featuredmedia":[{"embeddable":true,"href":"https:\/\/mfc08.de\/index.php?rest_route=\/wp\/v2\/media\/4689"}],"wp:attachment":[{"href":"https:\/\/mfc08.de\/index.php?rest_route=%2Fwp%2Fv2%2Fmedia&parent=4687"}],"wp:term":[{"taxonomy":"category","embeddable":true,"href":"https:\/\/mfc08.de\/index.php?rest_route=%2Fwp%2Fv2%2Fcategories&post=4687"},{"taxonomy":"post_tag","embeddable":true,"href":"https:\/\/mfc08.de\/index.php?rest_route=%2Fwp%2Fv2%2Ftags&post=4687"}],"curies":[{"name":"wp","href":"https:\/\/api.w.org\/{rel}","templated":true}]}}