{"id":4917,"date":"2022-03-21T18:28:42","date_gmt":"2022-03-21T18:28:42","guid":{"rendered":"https:\/\/mfc08.de\/?p=4917"},"modified":"2022-03-21T18:31:29","modified_gmt":"2022-03-21T18:31:29","slug":"viktoria-neckarhausen-2-mfc-08-lindenhof-2-010-04","status":"publish","type":"post","link":"https:\/\/mfc08.de\/?p=4917","title":{"rendered":"Viktoria Neckarhausen 2 &#8211; MFC 08 Lindenhof 2  0:10 (0:4)"},"content":{"rendered":"\n<p>Zu einem v\u00f6llig ungef\u00e4hrdeten 10:0 (4:0) Kantersieg kam die zweite Mannschaft bei Viktoria Neckarhausen 2<\/p>\n\n\n\n<p>Unser Team war von Anfang deutlich \u00fcberlegen und lie\u00df nie einen Zweifel aufkommen, wer in dem Spiel als Sieger vom Platz gehen w\u00fcrde. Lennart Droste brachte die Mannschaft Mitte der ersten Halbzeit in F\u00fchrung. In der Endphase der ersten Halbzeit stellten Thorsten Rei\u00df, Marcel Metzger und erneut Thorsten Rei\u00df mit ihren Treffern den 4:0 Halbzeitstand her. Schon direkt nach der Pause erh\u00f6hte der A-Jugend-Spieler Moritz Miller, Mathias Roesinger mit einem Doppelpack und der zweite eingesetzte A-Jugend-Spieler Tobias Glette auf 8:0. Nico Jehle erh\u00f6hte auf 9:0 und Christian Bindariu war es schlie\u00dflich der in der letzten Minute mit einem verwandelten Elfmeter den Endstand herstellte.<\/p>\n\n\n\n<p>Diese Woche stehen gleich 2 Heimspiele auf dem Programm. Am Mittwoch um 19.30 empf\u00e4ngt die Elf den SV Rohrhof 2, am Sonntag Rot-Wei\u00df Rheinau 2.<\/p>\n","protected":false},"excerpt":{"rendered":"<p>Zu einem v\u00f6llig ungef\u00e4hrdeten 10:0 (4:0) Kantersieg kam die zweite Mannschaft bei Viktoria Neckarhausen 2 Unser Team war von Anfang deutlich \u00fcberlegen und lie\u00df nie einen Zweifel aufkommen, wer in dem Spiel als Sieger vom Platz gehen w\u00fcrde. Lennart Droste brachte die Mannschaft Mitte der ersten Halbzeit in F\u00fchrung. In der Endphase der ersten Halbzeit&hellip;&nbsp;<a href=\"https:\/\/mfc08.de\/?p=4917\" rel=\"bookmark\">Weiterlesen &raquo;<span class=\"screen-reader-text\">Viktoria Neckarhausen 2 &#8211; MFC 08 Lindenhof 2  0:10 (0:4)<\/span><\/a><\/p>\n","protected":false},"author":5,"featured_media":1473,"comment_status":"closed","ping_status":"closed","sticky":false,"template":"","format":"standard","meta":{"neve_meta_sidebar":"","neve_meta_container":"","neve_meta_enable_content_width":"","neve_meta_content_width":0,"neve_meta_title_alignment":"","neve_meta_author_avatar":"","neve_post_elements_order":"","neve_meta_disable_header":"","neve_meta_disable_footer":"","neve_meta_disable_title":"","_themeisle_gutenberg_block_has_review":false,"footnotes":""},"categories":[5],"tags":[],"class_list":["post-4917","post","type-post","status-publish","format-standard","has-post-thumbnail","hentry","category-2-mannschaft"],"_links":{"self":[{"href":"https:\/\/mfc08.de\/index.php?rest_route=\/wp\/v2\/posts\/4917","targetHints":{"allow":["GET"]}}],"collection":[{"href":"https:\/\/mfc08.de\/index.php?rest_route=\/wp\/v2\/posts"}],"about":[{"href":"https:\/\/mfc08.de\/index.php?rest_route=\/wp\/v2\/types\/post"}],"author":[{"embeddable":true,"href":"https:\/\/mfc08.de\/index.php?rest_route=\/wp\/v2\/users\/5"}],"replies":[{"embeddable":true,"href":"https:\/\/mfc08.de\/index.php?rest_route=%2Fwp%2Fv2%2Fcomments&post=4917"}],"version-history":[{"count":1,"href":"https:\/\/mfc08.de\/index.php?rest_route=\/wp\/v2\/posts\/4917\/revisions"}],"predecessor-version":[{"id":4918,"href":"https:\/\/mfc08.de\/index.php?rest_route=\/wp\/v2\/posts\/4917\/revisions\/4918"}],"wp:featuredmedia":[{"embeddable":true,"href":"https:\/\/mfc08.de\/index.php?rest_route=\/wp\/v2\/media\/1473"}],"wp:attachment":[{"href":"https:\/\/mfc08.de\/index.php?rest_route=%2Fwp%2Fv2%2Fmedia&parent=4917"}],"wp:term":[{"taxonomy":"category","embeddable":true,"href":"https:\/\/mfc08.de\/index.php?rest_route=%2Fwp%2Fv2%2Fcategories&post=4917"},{"taxonomy":"post_tag","embeddable":true,"href":"https:\/\/mfc08.de\/index.php?rest_route=%2Fwp%2Fv2%2Ftags&post=4917"}],"curies":[{"name":"wp","href":"https:\/\/api.w.org\/{rel}","templated":true}]}}