{"id":4929,"date":"2022-03-22T19:15:39","date_gmt":"2022-03-22T19:15:39","guid":{"rendered":"https:\/\/mfc08.de\/?p=4929"},"modified":"2022-03-22T19:15:40","modified_gmt":"2022-03-22T19:15:40","slug":"start-in-die-fruehjahrsrunde","status":"publish","type":"post","link":"https:\/\/mfc08.de\/?p=4929","title":{"rendered":"Start in die Fr\u00fchjahrsrunde"},"content":{"rendered":"\n<p>An diesem Wochenende sind die Jugendmannschaften ab der D-Jugend in die Fr\u00fchjahrsrunde gestartet. Am kommenden Wochenende starten dann auch unsere J\u00fcngsten der F- und E\u2013Jugend mit ihren Spieltagen.<\/p>\n\n\n\n<p>Durch eine neue Zuordnung der Spieler zu den Mannschaften, k\u00f6nnen wir bei den Jungen wieder in jeder Altersgruppe eine Mannschaft stellen.<\/p>\n\n\n\n<p>Sehr erfreut sind wir dar\u00fcber, dass wir wieder eine M\u00e4dchen Mannschaft melden konnten. So spielen unsere M\u00e4dchen in der Altersklasse der C-Juniorinnen.<\/p>\n\n\n\n<p>Wir w\u00fcnschen allen unseren Kindern, Jugendlichen, Trainern und Trainerinnen \u2013 Spa\u00df, Freude und sportlichen Erfolg.<\/p>\n","protected":false},"excerpt":{"rendered":"<p>An diesem Wochenende sind die Jugendmannschaften ab der D-Jugend in die Fr\u00fchjahrsrunde gestartet. Am kommenden Wochenende starten dann auch unsere J\u00fcngsten der F- und E\u2013Jugend mit ihren Spieltagen. Durch eine neue Zuordnung der Spieler zu den Mannschaften, k\u00f6nnen wir bei den Jungen wieder in jeder Altersgruppe eine Mannschaft stellen. Sehr erfreut sind wir dar\u00fcber, dass&hellip;&nbsp;<a href=\"https:\/\/mfc08.de\/?p=4929\" rel=\"bookmark\">Weiterlesen &raquo;<span class=\"screen-reader-text\">Start in die Fr\u00fchjahrsrunde<\/span><\/a><\/p>\n","protected":false},"author":9,"featured_media":0,"comment_status":"closed","ping_status":"closed","sticky":false,"template":"","format":"standard","meta":{"neve_meta_sidebar":"","neve_meta_container":"","neve_meta_enable_content_width":"","neve_meta_content_width":0,"neve_meta_title_alignment":"","neve_meta_author_avatar":"","neve_post_elements_order":"","neve_meta_disable_header":"","neve_meta_disable_footer":"","neve_meta_disable_title":"","_themeisle_gutenberg_block_has_review":false,"footnotes":""},"categories":[11,1],"tags":[],"class_list":["post-4929","post","type-post","status-publish","format-standard","hentry","category-jugend","category-uncategorized"],"_links":{"self":[{"href":"https:\/\/mfc08.de\/index.php?rest_route=\/wp\/v2\/posts\/4929","targetHints":{"allow":["GET"]}}],"collection":[{"href":"https:\/\/mfc08.de\/index.php?rest_route=\/wp\/v2\/posts"}],"about":[{"href":"https:\/\/mfc08.de\/index.php?rest_route=\/wp\/v2\/types\/post"}],"author":[{"embeddable":true,"href":"https:\/\/mfc08.de\/index.php?rest_route=\/wp\/v2\/users\/9"}],"replies":[{"embeddable":true,"href":"https:\/\/mfc08.de\/index.php?rest_route=%2Fwp%2Fv2%2Fcomments&post=4929"}],"version-history":[{"count":1,"href":"https:\/\/mfc08.de\/index.php?rest_route=\/wp\/v2\/posts\/4929\/revisions"}],"predecessor-version":[{"id":4930,"href":"https:\/\/mfc08.de\/index.php?rest_route=\/wp\/v2\/posts\/4929\/revisions\/4930"}],"wp:attachment":[{"href":"https:\/\/mfc08.de\/index.php?rest_route=%2Fwp%2Fv2%2Fmedia&parent=4929"}],"wp:term":[{"taxonomy":"category","embeddable":true,"href":"https:\/\/mfc08.de\/index.php?rest_route=%2Fwp%2Fv2%2Fcategories&post=4929"},{"taxonomy":"post_tag","embeddable":true,"href":"https:\/\/mfc08.de\/index.php?rest_route=%2Fwp%2Fv2%2Ftags&post=4929"}],"curies":[{"name":"wp","href":"https:\/\/api.w.org\/{rel}","templated":true}]}}