{"id":5054,"date":"2022-03-27T20:10:48","date_gmt":"2022-03-27T20:10:48","guid":{"rendered":"https:\/\/mfc08.de\/?p=5054"},"modified":"2022-03-27T20:10:50","modified_gmt":"2022-03-27T20:10:50","slug":"mfc-08-lindenhof-2-rot-weiss-rheinau-2-41-01","status":"publish","type":"post","link":"https:\/\/mfc08.de\/?p=5054","title":{"rendered":"MFC 08 Lindenhof 2 &#8211; Rot-Wei\u00df Rheinau 2  4:1 (0:1)"},"content":{"rendered":"\n<p>Dank einer klaren Leistungssteigerung in der 2. Halbzeit kam die zweite Mannschaft zu einem 4:1 (0:1) Erfolg gegen RotWei\u00df Rheinau 2<\/p>\n\n\n\n<p>Man hatte zwar von Beginn an deutlich mehr Ballbesitz, ohne allerdings zun\u00e4chst wirklich gef\u00e4hrlich vor das G\u00e4stetor zu kommen. Stattdessen gingen die G\u00e4ste nach 20 Minuten durch einen sch\u00f6n ausgespielten Konter in F\u00fchrung. Auch in der Folgezeit war unsere Zweite optisch \u00fcberlegen ohne sich aber echte Chancen erspielen zu k\u00f6nnen und somit blieb es bei dem R\u00fcckstand zur Pause. Nach dem &nbsp;Wechsel erh\u00f6hte die Elf dann den Druck und kam somit endlich auch zu Chancen. Amine Ghebreselasie traf zun\u00e4chst nur den Pfosten, aber kurz darauf wurde Mathias Roesinger im Strafraum zu Fall gebracht und er verwandelte den f\u00e4lligen Elfmeter sicher zum Ausgleich. Schon beim n\u00e4chsten Angriff gab es einen Eckball und erneut Mathias Roesinger traf per Kopfball zum 2:1. Auch danach war unser Elf \u00fcberlegen, dennoch musste Mark Doy im Tor einmal gut reagieren um den m\u00f6glichen Ausgleich zu vermeiden. Mit einem weiteren Doppelschlag erh\u00f6hten Marcel Metzger und Torsten Rei\u00df eine Viertelstunde vor Schlu\u00df auf 4:1 und bei diesem Ergebnis blieb es auch bis zum Ende Am n\u00e4chsten Sonntag tritt die Elf zum Verfolgerduell beim VfL Hockenheim an, der nur wegen der um 1 Tor besseren Tordifferenz vor unserem Team auf Platz 2 liegt, der am Saisonende zur Teilnahme den Aufstiegsspielen berechtigt<\/p>\n","protected":false},"excerpt":{"rendered":"<p>Dank einer klaren Leistungssteigerung in der 2. Halbzeit kam die zweite Mannschaft zu einem 4:1 (0:1) Erfolg gegen RotWei\u00df Rheinau 2 Man hatte zwar von Beginn an deutlich mehr Ballbesitz, ohne allerdings zun\u00e4chst wirklich gef\u00e4hrlich vor das G\u00e4stetor zu kommen. Stattdessen gingen die G\u00e4ste nach 20 Minuten durch einen sch\u00f6n ausgespielten Konter in F\u00fchrung. Auch&hellip;&nbsp;<a href=\"https:\/\/mfc08.de\/?p=5054\" rel=\"bookmark\">Weiterlesen &raquo;<span class=\"screen-reader-text\">MFC 08 Lindenhof 2 &#8211; Rot-Wei\u00df Rheinau 2  4:1 (0:1)<\/span><\/a><\/p>\n","protected":false},"author":5,"featured_media":1473,"comment_status":"closed","ping_status":"closed","sticky":false,"template":"","format":"standard","meta":{"neve_meta_sidebar":"","neve_meta_container":"","neve_meta_enable_content_width":"","neve_meta_content_width":0,"neve_meta_title_alignment":"","neve_meta_author_avatar":"","neve_post_elements_order":"","neve_meta_disable_header":"","neve_meta_disable_footer":"","neve_meta_disable_title":"","_themeisle_gutenberg_block_has_review":false,"footnotes":""},"categories":[5],"tags":[],"class_list":["post-5054","post","type-post","status-publish","format-standard","has-post-thumbnail","hentry","category-2-mannschaft"],"_links":{"self":[{"href":"https:\/\/mfc08.de\/index.php?rest_route=\/wp\/v2\/posts\/5054","targetHints":{"allow":["GET"]}}],"collection":[{"href":"https:\/\/mfc08.de\/index.php?rest_route=\/wp\/v2\/posts"}],"about":[{"href":"https:\/\/mfc08.de\/index.php?rest_route=\/wp\/v2\/types\/post"}],"author":[{"embeddable":true,"href":"https:\/\/mfc08.de\/index.php?rest_route=\/wp\/v2\/users\/5"}],"replies":[{"embeddable":true,"href":"https:\/\/mfc08.de\/index.php?rest_route=%2Fwp%2Fv2%2Fcomments&post=5054"}],"version-history":[{"count":1,"href":"https:\/\/mfc08.de\/index.php?rest_route=\/wp\/v2\/posts\/5054\/revisions"}],"predecessor-version":[{"id":5055,"href":"https:\/\/mfc08.de\/index.php?rest_route=\/wp\/v2\/posts\/5054\/revisions\/5055"}],"wp:featuredmedia":[{"embeddable":true,"href":"https:\/\/mfc08.de\/index.php?rest_route=\/wp\/v2\/media\/1473"}],"wp:attachment":[{"href":"https:\/\/mfc08.de\/index.php?rest_route=%2Fwp%2Fv2%2Fmedia&parent=5054"}],"wp:term":[{"taxonomy":"category","embeddable":true,"href":"https:\/\/mfc08.de\/index.php?rest_route=%2Fwp%2Fv2%2Fcategories&post=5054"},{"taxonomy":"post_tag","embeddable":true,"href":"https:\/\/mfc08.de\/index.php?rest_route=%2Fwp%2Fv2%2Ftags&post=5054"}],"curies":[{"name":"wp","href":"https:\/\/api.w.org\/{rel}","templated":true}]}}