{"id":5110,"date":"2022-03-28T21:39:10","date_gmt":"2022-03-28T21:39:10","guid":{"rendered":"https:\/\/mfc08.de\/?p=5110"},"modified":"2022-03-28T21:55:03","modified_gmt":"2022-03-28T21:55:03","slug":"jahreshauptversammlung-gepraegt-von-kontinuitaet","status":"publish","type":"post","link":"https:\/\/mfc08.de\/?p=5110","title":{"rendered":"Jahreshauptversammlung gepr\u00e4gt von Kontinuit\u00e4t"},"content":{"rendered":"\n<p>Am Freitag, den 25.03.2022 fand die Jahreshauptversammlung des MFC 08 Lindenhof in der Vereinsgastst\u00e4tte am Promenadenweg statt.<\/p>\n\n\n\n<p>Die Berichte des Vorstandes und der Abteilungen fielen jeweils kurz und b\u00fcndig aus, da der Zeitraum seit der letzten Versammlung im Oktober des Vorjahres nur ein knappes halbes Jahr betrug.<\/p>\n\n\n\n<p>Den gr\u00f6\u00dften Teil des Vorstandsberichtes nahm leider ein f\u00fcr die Aus\u00fcbung des Sportes eher nebens\u00e4chliches Thema ein. Der Baumbestand auf unserem Gel\u00e4nde wurde seitens der Stadt als teilweise nicht mehr verkehrssicher eingestuft. Neben umfangreichen Ma\u00dfnahmen der Stadt Mannheim selbst, mussten auch wir t\u00e4tig werden. Dar\u00fcber hinaus war es notwendig, einen bei dem Sturm Ende Februar abgeknickten Baum per Seilklettertechnik zu entfernen und aufwendig zu entsorgen. Die hier insgesamt entstandenen, ungeplanten Kosten im deutlich f\u00fcnfstelligen Bereich, werden erhebliche Auswirkungen auf die finanzielle Situation im Jahr 2022 haben.<\/p>\n\n\n\n<p>Neben den traditionellen Berichten der Fu\u00dfball-, Jugend- und Tennisabteilung sowie unserer Gymnastikgruppe pr\u00e4sentierte sich erstmals die neu gegr\u00fcndete Roundnetabteilung auf der Jahreshauptversammlung. Der Abteilungsvorstand stellte die f\u00fcr den 08er neue Sportart kurz vor, und konnte schon \u00fcber sehr rege Aktivit\u00e4ten der bereits \u00fcber 20 Mitglieder z\u00e4hlenden Abteilung berichten. Wir sind alle sehr gespannt, wie die Entwicklung insbesondere in den Sommermonaten verlaufen wird \u2013 auf der auch diesbez\u00fcglich gut informierenden Homepage kann dies gerne verfolgt werden.<\/p>\n\n\n\n<p>Nach diesen Berichten der Abteilungen folgte der f\u00fcr das Gesch\u00e4ftsjahr 2021 recht positive Bericht des Schatzmeisters. In Verbindung mit dem Bericht der Kassenpr\u00fcfer schloss sich die Entlastung des Schatzmeisters an.<\/p>\n\n\n\n<p>Der nun gew\u00e4hlte Versammlungsleiter res\u00fcmierte nochmals kurz das abgelaufene Jahr und schlug der Versammlung die Entlastung des Vorstandes vor, die im Anschluss einstimmig beschlossen wurde.<\/p>\n\n\n\n<p>Alle Positionen der Vorstandschaft galt es nun turnusm\u00e4\u00dfig neu zu besetzen.<\/p>\n\n\n\n<p>Bereits im Vorfeld waren sich alle Amtsinhaber einig, gerne die ehrenamtliche Arbeit in der bisher gewohnten Formation fortf\u00fchren zu wollen. So wurden der Versammlung jeweils die Amtsinhaber als Kandidaten vorgeschlagen, es gab in keinem Fall einen Gegenkandidaten, die Wahl erfolgte jeweils einstimmig.<\/p>\n\n\n\n<p>Die Arbeit des Vorstandes in der Zusammensetzung<\/p>\n\n\n\n<p>Uwe Jehle \u2013 Vorsitzender<br>Professor Dr. Stefan Norra \u2013 stellvertretender Vorsitzender<br>Wolfgang Schell \u2013 Schatzmeister<\/p>\n\n\n\n<p>kann daher in der gewohnt harmonischen und vertrauensvollen Art weiter fortgef\u00fchrt werden.<\/p>\n\n\n\n<p>Dem Gesamtvorstand geh\u00f6ren dar\u00fcber hinaus die in den jeweiligen Abteilungsversammlungen gew\u00e4hlten Vorsitzenden der Abteilungen an.<\/p>\n\n\n\n<p>Rainer Jehle \u2013 Abteilungsleiter Fu\u00dfball<br>Karina Doy \u2013 Abteilungsleiterin Jugend<br>Andreas Hauk \u2013 Abteilungsleiter Tennis<br>Tristan Jannasch \u2013 Abteilungsleiter Roundnet<\/p>\n\n\n\n<p>Zur Kassenpr\u00fcfung stellten sich Klaus Kamin und Klaudia Krause ebenfalls zur Wiederwahl und wurden einstimmig erneut bestellt.<\/p>\n\n\n\n<p>Auch die Mitglieder des \u00c4ltestenrates<\/p>\n\n\n\n<p>Klaus J. Hartel, Regine M\u00fccke, Roland M\u00fccke, Christian Nohe, Christel Peikert, Werner Seidelmann und Wolfgang Taubert<\/p>\n\n\n\n<p>stellten sich ausnahmslos erneut zur Wahl und werden weiterhin die Vorstandsarbeit unterst\u00fctzen, da sie en bloc in ihrem Amt best\u00e4tigt wurden.<\/p>\n\n\n\n<p>Zum Abschluss der Versammlung gab es zum Punkt \u201eVerschiedenes\u201c noch einen Einblick zum Stand der geplanten Satzungs\u00e4nderung, die von dem hierf\u00fcr zust\u00e4ndigen Gremium tatkr\u00e4ftig vorbereitet wird.<\/p>\n\n\n\n<p>Die Jahreshauptversammlung war damit beendet, an dem vielleicht sinnbildlich gro\u00dfen gemeinsamen Tisch klang der Abend gem\u00fctlich aus.<\/p>\n","protected":false},"excerpt":{"rendered":"<p>Am Freitag, den 25.03.2022 fand die Jahreshauptversammlung des MFC 08 Lindenhof in der Vereinsgastst\u00e4tte am Promenadenweg statt. Die Berichte des Vorstandes und der Abteilungen fielen jeweils kurz und b\u00fcndig aus, da der Zeitraum seit der letzten Versammlung im Oktober des Vorjahres nur ein knappes halbes Jahr betrug. Den gr\u00f6\u00dften Teil des Vorstandsberichtes nahm leider ein&hellip;&nbsp;<a href=\"https:\/\/mfc08.de\/?p=5110\" rel=\"bookmark\">Weiterlesen &raquo;<span class=\"screen-reader-text\">Jahreshauptversammlung gepr\u00e4gt von Kontinuit\u00e4t<\/span><\/a><\/p>\n","protected":false},"author":2,"featured_media":469,"comment_status":"closed","ping_status":"closed","sticky":false,"template":"","format":"standard","meta":{"neve_meta_sidebar":"","neve_meta_container":"","neve_meta_enable_content_width":"","neve_meta_content_width":0,"neve_meta_title_alignment":"","neve_meta_author_avatar":"","neve_post_elements_order":"","neve_meta_disable_header":"","neve_meta_disable_footer":"","neve_meta_disable_title":"","_themeisle_gutenberg_block_has_review":false,"footnotes":""},"categories":[1],"tags":[],"class_list":["post-5110","post","type-post","status-publish","format-standard","has-post-thumbnail","hentry","category-uncategorized"],"_links":{"self":[{"href":"https:\/\/mfc08.de\/index.php?rest_route=\/wp\/v2\/posts\/5110","targetHints":{"allow":["GET"]}}],"collection":[{"href":"https:\/\/mfc08.de\/index.php?rest_route=\/wp\/v2\/posts"}],"about":[{"href":"https:\/\/mfc08.de\/index.php?rest_route=\/wp\/v2\/types\/post"}],"author":[{"embeddable":true,"href":"https:\/\/mfc08.de\/index.php?rest_route=\/wp\/v2\/users\/2"}],"replies":[{"embeddable":true,"href":"https:\/\/mfc08.de\/index.php?rest_route=%2Fwp%2Fv2%2Fcomments&post=5110"}],"version-history":[{"count":2,"href":"https:\/\/mfc08.de\/index.php?rest_route=\/wp\/v2\/posts\/5110\/revisions"}],"predecessor-version":[{"id":5112,"href":"https:\/\/mfc08.de\/index.php?rest_route=\/wp\/v2\/posts\/5110\/revisions\/5112"}],"wp:featuredmedia":[{"embeddable":true,"href":"https:\/\/mfc08.de\/index.php?rest_route=\/wp\/v2\/media\/469"}],"wp:attachment":[{"href":"https:\/\/mfc08.de\/index.php?rest_route=%2Fwp%2Fv2%2Fmedia&parent=5110"}],"wp:term":[{"taxonomy":"category","embeddable":true,"href":"https:\/\/mfc08.de\/index.php?rest_route=%2Fwp%2Fv2%2Fcategories&post=5110"},{"taxonomy":"post_tag","embeddable":true,"href":"https:\/\/mfc08.de\/index.php?rest_route=%2Fwp%2Fv2%2Ftags&post=5110"}],"curies":[{"name":"wp","href":"https:\/\/api.w.org\/{rel}","templated":true}]}}