{"id":5114,"date":"2022-03-30T06:53:48","date_gmt":"2022-03-30T06:53:48","guid":{"rendered":"https:\/\/mfc08.de\/?p=5114"},"modified":"2022-05-18T12:13:10","modified_gmt":"2022-05-18T12:13:10","slug":"sieger-der-pro-hauptrunde-sued","status":"publish","type":"post","link":"https:\/\/mfc08.de\/?p=5114","title":{"rendered":"Roundnet: Sieger der Pro-Hauptrunde S\u00fcd"},"content":{"rendered":"\n<p>Vergangenes Wochenende war unsere Roundnet Abteilung zu Gast in W\u00fcrzburg, um die Hauptrunde der Deutschen Roundnet Pro Hallenliga auszuspielen. In diesem Spielmodus spielten jeweils alle Ersten, Zweiten, Dritten und Vierten der Vorrunde gegeneinander (den <a href=\"https:\/\/mfc08.de\/?p=4465\" data-type=\"post\" data-id=\"4465\">Bericht zur Vorrunde gibt es hier<\/a>). Demnach trafen wir auf W\u00fcrzburg, Karlsruhe 2 und Bayreuth. <\/p>\n\n\n\n<figure class=\"wp-block-image size-large\"><img fetchpriority=\"high\" decoding=\"async\" width=\"1024\" height=\"683\" src=\"https:\/\/mfc08.de\/wp-content\/uploads\/2022\/03\/IMG-20220321-WA0000-1024x683.jpg\" alt=\"\" class=\"wp-image-5115\" srcset=\"https:\/\/mfc08.de\/wp-content\/uploads\/2022\/03\/IMG-20220321-WA0000-1024x683.jpg 1024w, https:\/\/mfc08.de\/wp-content\/uploads\/2022\/03\/IMG-20220321-WA0000-300x200.jpg 300w, https:\/\/mfc08.de\/wp-content\/uploads\/2022\/03\/IMG-20220321-WA0000-768x512.jpg 768w, https:\/\/mfc08.de\/wp-content\/uploads\/2022\/03\/IMG-20220321-WA0000-1536x1024.jpg 1536w, https:\/\/mfc08.de\/wp-content\/uploads\/2022\/03\/IMG-20220321-WA0000-930x620.jpg 930w, https:\/\/mfc08.de\/wp-content\/uploads\/2022\/03\/IMG-20220321-WA0000.jpg 2048w\" sizes=\"(max-width: 1024px) 100vw, 1024px\" \/><\/figure>\n\n\n\n<p>In spannenden Spielen, insbesondere gegen W\u00fcrzburg und Karslruhe, konnten wir uns letztendlich recht klar den Sieg in der Hauptrunde sichern. Wir gewannen in S\u00e4tzen 7:6 gegen Karlsruhe, 8:4 gegen W\u00fcrzburg und 10:0 gegen Bayreuth. Leider war unser Team wieder einmal von Krankheitsausf\u00e4llen gezeichnet, sodass wir gerne noch besser gespielt h\u00e4tten, aber letztendlich sind wir zufrieden mit den Ergebnissen. <\/p>\n\n\n\n<p>Nach dem Spieltag nutzten wir die Gelegenheit, dass so viele sympathische Roundnet Spieler*innen an einem Ort versammelt waren, gingen abends noch etwas trinken und verbrachten den Sonntag bei spontanten Pick-Up Games in wundersch\u00f6ner Kulisse am Mainufer. <\/p>\n\n\n\n<p><a href=\"https:\/\/www.instagram.com\/reel\/CbcXMtpNWYM\/?utm_medium=copy_link\">Hier gibt es ein paar Fotos auf Instagram.<\/a><\/p>\n\n\n\n<figure class=\"wp-block-gallery has-nested-images columns-3 is-cropped wp-block-gallery-1 is-layout-flex wp-block-gallery-is-layout-flex\">\n<figure class=\"wp-block-image size-large\"><a href=\"https:\/\/mfc08.de\/wp-content\/uploads\/2022\/03\/jess_klein.jpg\" target=\"_blank\" rel=\"noopener\"><img decoding=\"async\" width=\"1024\" height=\"683\" data-id=\"5117\" src=\"https:\/\/mfc08.de\/wp-content\/uploads\/2022\/03\/jess_klein-1024x683.jpg\" alt=\"\" class=\"wp-image-5117\" srcset=\"https:\/\/mfc08.de\/wp-content\/uploads\/2022\/03\/jess_klein-1024x683.jpg 1024w, https:\/\/mfc08.de\/wp-content\/uploads\/2022\/03\/jess_klein-300x200.jpg 300w, https:\/\/mfc08.de\/wp-content\/uploads\/2022\/03\/jess_klein-768x512.jpg 768w, https:\/\/mfc08.de\/wp-content\/uploads\/2022\/03\/jess_klein-930x620.jpg 930w, https:\/\/mfc08.de\/wp-content\/uploads\/2022\/03\/jess_klein.jpg 1200w\" sizes=\"(max-width: 1024px) 100vw, 1024px\" \/><\/a><figcaption>Jess in vollem Einsatz gegen Bayreuth<\/figcaption><\/figure>\n\n\n\n<figure class=\"wp-block-image size-large\"><a href=\"https:\/\/mfc08.de\/wp-content\/uploads\/2022\/03\/spiel_klein.jpg\" target=\"_blank\" rel=\"noopener\"><img decoding=\"async\" width=\"1024\" height=\"683\" data-id=\"5118\" src=\"https:\/\/mfc08.de\/wp-content\/uploads\/2022\/03\/spiel_klein-1024x683.jpg\" alt=\"\" class=\"wp-image-5118\" srcset=\"https:\/\/mfc08.de\/wp-content\/uploads\/2022\/03\/spiel_klein-1024x683.jpg 1024w, https:\/\/mfc08.de\/wp-content\/uploads\/2022\/03\/spiel_klein-300x200.jpg 300w, https:\/\/mfc08.de\/wp-content\/uploads\/2022\/03\/spiel_klein-768x512.jpg 768w, https:\/\/mfc08.de\/wp-content\/uploads\/2022\/03\/spiel_klein-930x620.jpg 930w, https:\/\/mfc08.de\/wp-content\/uploads\/2022\/03\/spiel_klein.jpg 1200w\" sizes=\"(max-width: 1024px) 100vw, 1024px\" \/><\/a><figcaption>Kris und Tim verteidigen gegen W\u00fcrzburg<\/figcaption><\/figure>\n\n\n\n<figure class=\"wp-block-image size-large\"><a href=\"https:\/\/mfc08.de\/wp-content\/uploads\/2022\/03\/tim_klein.jpg\" target=\"_blank\" rel=\"noopener\"><img loading=\"lazy\" decoding=\"async\" width=\"1024\" height=\"683\" data-id=\"5119\" src=\"https:\/\/mfc08.de\/wp-content\/uploads\/2022\/03\/tim_klein-1024x683.jpg\" alt=\"\" class=\"wp-image-5119\" srcset=\"https:\/\/mfc08.de\/wp-content\/uploads\/2022\/03\/tim_klein-1024x683.jpg 1024w, https:\/\/mfc08.de\/wp-content\/uploads\/2022\/03\/tim_klein-300x200.jpg 300w, https:\/\/mfc08.de\/wp-content\/uploads\/2022\/03\/tim_klein-768x512.jpg 768w, https:\/\/mfc08.de\/wp-content\/uploads\/2022\/03\/tim_klein-930x620.jpg 930w, https:\/\/mfc08.de\/wp-content\/uploads\/2022\/03\/tim_klein.jpg 1200w\" sizes=\"(max-width: 1024px) 100vw, 1024px\" \/><\/a><figcaption>Tim bei der Angabe<\/figcaption><\/figure>\n\n\n\n<figure class=\"wp-block-image size-large\"><a href=\"https:\/\/mfc08.de\/wp-content\/uploads\/2022\/03\/IMG-20220320-WA0011-1.jpg\" target=\"_blank\" rel=\"noopener\"><img loading=\"lazy\" decoding=\"async\" width=\"768\" height=\"1024\" data-id=\"5120\" src=\"https:\/\/mfc08.de\/wp-content\/uploads\/2022\/03\/IMG-20220320-WA0011-1-768x1024.jpg\" alt=\"\" class=\"wp-image-5120\" srcset=\"https:\/\/mfc08.de\/wp-content\/uploads\/2022\/03\/IMG-20220320-WA0011-1-768x1024.jpg 768w, https:\/\/mfc08.de\/wp-content\/uploads\/2022\/03\/IMG-20220320-WA0011-1-225x300.jpg 225w, https:\/\/mfc08.de\/wp-content\/uploads\/2022\/03\/IMG-20220320-WA0011-1-1152x1536.jpg 1152w, https:\/\/mfc08.de\/wp-content\/uploads\/2022\/03\/IMG-20220320-WA0011-1.jpg 1368w\" sizes=\"(max-width: 768px) 100vw, 768px\" \/><\/a><figcaption>Zufriedene Sieger<\/figcaption><\/figure>\n\n\n\n<figure class=\"wp-block-image size-large\"><a href=\"https:\/\/mfc08.de\/wp-content\/uploads\/2022\/03\/kris_klein.jpg\" target=\"_blank\" rel=\"noopener\"><img loading=\"lazy\" decoding=\"async\" width=\"1024\" height=\"683\" data-id=\"5121\" src=\"https:\/\/mfc08.de\/wp-content\/uploads\/2022\/03\/kris_klein-1024x683.jpg\" alt=\"\" class=\"wp-image-5121\" srcset=\"https:\/\/mfc08.de\/wp-content\/uploads\/2022\/03\/kris_klein-1024x683.jpg 1024w, https:\/\/mfc08.de\/wp-content\/uploads\/2022\/03\/kris_klein-300x200.jpg 300w, https:\/\/mfc08.de\/wp-content\/uploads\/2022\/03\/kris_klein-768x512.jpg 768w, https:\/\/mfc08.de\/wp-content\/uploads\/2022\/03\/kris_klein-930x620.jpg 930w, https:\/\/mfc08.de\/wp-content\/uploads\/2022\/03\/kris_klein.jpg 1200w\" sizes=\"(max-width: 1024px) 100vw, 1024px\" \/><\/a><figcaption>Kris und Larissa beim Mixed gegen Bayreuth<\/figcaption><\/figure>\n<\/figure>\n\n\n\n<p><\/p>\n","protected":false},"excerpt":{"rendered":"<p>Vergangenes Wochenende war unsere Roundnet Abteilung zu Gast in W\u00fcrzburg, um die Hauptrunde der Deutschen Roundnet Pro Hallenliga auszuspielen. In diesem Spielmodus spielten jeweils alle Ersten, Zweiten, Dritten und Vierten der Vorrunde gegeneinander (den Bericht zur Vorrunde gibt es hier). Demnach trafen wir auf W\u00fcrzburg, Karlsruhe 2 und Bayreuth. In spannenden Spielen, insbesondere gegen W\u00fcrzburg&hellip;&nbsp;<a href=\"https:\/\/mfc08.de\/?p=5114\" rel=\"bookmark\">Weiterlesen &raquo;<span class=\"screen-reader-text\">Roundnet: Sieger der Pro-Hauptrunde S\u00fcd<\/span><\/a><\/p>\n","protected":false},"author":10,"featured_media":5121,"comment_status":"closed","ping_status":"closed","sticky":false,"template":"","format":"standard","meta":{"neve_meta_sidebar":"","neve_meta_container":"","neve_meta_enable_content_width":"","neve_meta_content_width":0,"neve_meta_title_alignment":"","neve_meta_author_avatar":"","neve_post_elements_order":"","neve_meta_disable_header":"","neve_meta_disable_footer":"","neve_meta_disable_title":"","_themeisle_gutenberg_block_has_review":false,"footnotes":""},"categories":[17],"tags":[],"class_list":["post-5114","post","type-post","status-publish","format-standard","has-post-thumbnail","hentry","category-roundnet"],"_links":{"self":[{"href":"https:\/\/mfc08.de\/index.php?rest_route=\/wp\/v2\/posts\/5114","targetHints":{"allow":["GET"]}}],"collection":[{"href":"https:\/\/mfc08.de\/index.php?rest_route=\/wp\/v2\/posts"}],"about":[{"href":"https:\/\/mfc08.de\/index.php?rest_route=\/wp\/v2\/types\/post"}],"author":[{"embeddable":true,"href":"https:\/\/mfc08.de\/index.php?rest_route=\/wp\/v2\/users\/10"}],"replies":[{"embeddable":true,"href":"https:\/\/mfc08.de\/index.php?rest_route=%2Fwp%2Fv2%2Fcomments&post=5114"}],"version-history":[{"count":4,"href":"https:\/\/mfc08.de\/index.php?rest_route=\/wp\/v2\/posts\/5114\/revisions"}],"predecessor-version":[{"id":5510,"href":"https:\/\/mfc08.de\/index.php?rest_route=\/wp\/v2\/posts\/5114\/revisions\/5510"}],"wp:featuredmedia":[{"embeddable":true,"href":"https:\/\/mfc08.de\/index.php?rest_route=\/wp\/v2\/media\/5121"}],"wp:attachment":[{"href":"https:\/\/mfc08.de\/index.php?rest_route=%2Fwp%2Fv2%2Fmedia&parent=5114"}],"wp:term":[{"taxonomy":"category","embeddable":true,"href":"https:\/\/mfc08.de\/index.php?rest_route=%2Fwp%2Fv2%2Fcategories&post=5114"},{"taxonomy":"post_tag","embeddable":true,"href":"https:\/\/mfc08.de\/index.php?rest_route=%2Fwp%2Fv2%2Ftags&post=5114"}],"curies":[{"name":"wp","href":"https:\/\/api.w.org\/{rel}","templated":true}]}}