{"id":5192,"date":"2022-04-06T09:48:31","date_gmt":"2022-04-06T09:48:31","guid":{"rendered":"https:\/\/mfc08.de\/?p=5192"},"modified":"2022-05-18T12:13:16","modified_gmt":"2022-05-18T12:13:16","slug":"auswaerts-in-stuttgart-und-karlsruhe","status":"publish","type":"post","link":"https:\/\/mfc08.de\/?p=5192","title":{"rendered":"Roundnet: Ausw\u00e4rts in Stuttgart und Karlsruhe"},"content":{"rendered":"\n<p>In den letzten Wochen fanden die letzten Hallenturniere der Saison statt. Zuerst spielte ich (Larissa) das Damenturnier in Stuttgart, eine Woche sp\u00e4ter waren die M\u00e4nner in Karlsruhe am Start. <\/p>\n\n\n\n<p>In Stuttgart spielte ich zum ersten Mal im Duo mit Eva aus Kassel. Wir hatten uns \u00fcber eine verbandseigene Spielpartner*innen-B\u00f6rse kennen gelernt und von Anfang an sehr gut harmoniert. In der Gruppenphase gab es sehr viele knappe Matches, doch trotz der Siege reichte es nur f\u00fcr das Lower Bracket. Dort k\u00e4mpften wir uns durch und erreichten am Ende einen wunderbaren 13. Platz.<\/p>\n\n\n\n<p>Die Bilder unten sind aus dem Gruppenphasen-Spiel gegen die sp\u00e4teren Turniergewinnerinnen aus Basel und M\u00fcnchen, sowie aus einem der K.O.-Spiele gegen Berlin.<\/p>\n\n\n\n<figure class=\"wp-block-gallery has-nested-images columns-2 is-cropped wp-block-gallery-1 is-layout-flex wp-block-gallery-is-layout-flex\">\n<figure class=\"wp-block-image size-large\"><a href=\"https:\/\/mfc08.de\/wp-content\/uploads\/2022\/04\/IMG_8313_small.jpg\"><img fetchpriority=\"high\" decoding=\"async\" width=\"1024\" height=\"432\" data-id=\"5203\" src=\"https:\/\/mfc08.de\/wp-content\/uploads\/2022\/04\/IMG_8313_small-1024x432.jpg\" alt=\"\" class=\"wp-image-5203\" srcset=\"https:\/\/mfc08.de\/wp-content\/uploads\/2022\/04\/IMG_8313_small-1024x432.jpg 1024w, https:\/\/mfc08.de\/wp-content\/uploads\/2022\/04\/IMG_8313_small-300x127.jpg 300w, https:\/\/mfc08.de\/wp-content\/uploads\/2022\/04\/IMG_8313_small-768x324.jpg 768w, https:\/\/mfc08.de\/wp-content\/uploads\/2022\/04\/IMG_8313_small.jpg 1500w\" sizes=\"(max-width: 1024px) 100vw, 1024px\" \/><\/a><figcaption>Larissa blockt einen Angriff von Laura (Basel)<\/figcaption><\/figure>\n\n\n\n<figure class=\"wp-block-image size-large\"><a href=\"https:\/\/mfc08.de\/wp-content\/uploads\/2022\/04\/IMG_8554_small.jpg\"><img decoding=\"async\" width=\"1024\" height=\"432\" data-id=\"5202\" src=\"https:\/\/mfc08.de\/wp-content\/uploads\/2022\/04\/IMG_8554_small-1024x432.jpg\" alt=\"\" class=\"wp-image-5202\" srcset=\"https:\/\/mfc08.de\/wp-content\/uploads\/2022\/04\/IMG_8554_small-1024x432.jpg 1024w, https:\/\/mfc08.de\/wp-content\/uploads\/2022\/04\/IMG_8554_small-300x127.jpg 300w, https:\/\/mfc08.de\/wp-content\/uploads\/2022\/04\/IMG_8554_small-768x324.jpg 768w, https:\/\/mfc08.de\/wp-content\/uploads\/2022\/04\/IMG_8554_small.jpg 1500w\" sizes=\"(max-width: 1024px) 100vw, 1024px\" \/><\/a><figcaption>Larissa und Eva gegen Berlin<\/figcaption><\/figure>\n\n\n\n<figure class=\"wp-block-image size-large\"><a href=\"https:\/\/mfc08.de\/wp-content\/uploads\/2022\/04\/IMG_8306_small.jpg\"><img decoding=\"async\" width=\"1024\" height=\"432\" data-id=\"5205\" src=\"https:\/\/mfc08.de\/wp-content\/uploads\/2022\/04\/IMG_8306_small-1024x432.jpg\" alt=\"\" class=\"wp-image-5205\" srcset=\"https:\/\/mfc08.de\/wp-content\/uploads\/2022\/04\/IMG_8306_small-1024x432.jpg 1024w, https:\/\/mfc08.de\/wp-content\/uploads\/2022\/04\/IMG_8306_small-300x127.jpg 300w, https:\/\/mfc08.de\/wp-content\/uploads\/2022\/04\/IMG_8306_small-768x324.jpg 768w, https:\/\/mfc08.de\/wp-content\/uploads\/2022\/04\/IMG_8306_small.jpg 1500w\" sizes=\"(max-width: 1024px) 100vw, 1024px\" \/><\/a><figcaption>Eva mit dem kurzen Ball gegen Franzi (M\u00fcnchen)<\/figcaption><\/figure>\n\n\n\n<figure class=\"wp-block-image size-large\"><a href=\"https:\/\/mfc08.de\/wp-content\/uploads\/2022\/04\/IMG_8309_small-1.jpg\"><img loading=\"lazy\" decoding=\"async\" width=\"1024\" height=\"684\" data-id=\"5204\" src=\"https:\/\/mfc08.de\/wp-content\/uploads\/2022\/04\/IMG_8309_small-1-1024x684.jpg\" alt=\"\" class=\"wp-image-5204\" srcset=\"https:\/\/mfc08.de\/wp-content\/uploads\/2022\/04\/IMG_8309_small-1-1024x684.jpg 1024w, https:\/\/mfc08.de\/wp-content\/uploads\/2022\/04\/IMG_8309_small-1-300x200.jpg 300w, https:\/\/mfc08.de\/wp-content\/uploads\/2022\/04\/IMG_8309_small-1-768x513.jpg 768w, https:\/\/mfc08.de\/wp-content\/uploads\/2022\/04\/IMG_8309_small-1-930x620.jpg 930w, https:\/\/mfc08.de\/wp-content\/uploads\/2022\/04\/IMG_8309_small-1.jpg 1500w\" sizes=\"(max-width: 1024px) 100vw, 1024px\" \/><\/a><figcaption>Larissa beim Receiven von Franzis Angabe<\/figcaption><\/figure>\n<\/figure>\n\n\n\n<p>Eine Woche sp\u00e4ter spielten Bene und David (Sweet and Salty), Kris und Tim (Flick dich ins Knie), Joscha und Tristan (How I Set Your MAther) beim ersten German Roundnet Tour Masters Turnier. Die GRTM Wochenenden zeichnen sich dadurch aus, dass sowohl Frauen- als auch M\u00e4nner Turniere stattfinden, und auch mehrere Divisions (Beginner, Intermediate, Advanced, Pro) angeboten werden. <\/p>\n\n\n\n<p>F\u00fcr einige aus unserem Team waren es die ersten Turniererfahrungen \u00fcberhaupt. In packenden Spielen, die die ganze Halle begeisterten, spielten sich unsere Intermediate M\u00e4nner-Teams beide ins Upper Bracket und landeten zum Schluss auf Platz 5 (Sweet and Salty) und Platz 9 (Flick dich ins Knie). Im Advanced Turnier mussten Joscha und Tristan gegen eine sehr starke Konkurrenz ank\u00e4mpfen und erreichten im Lower Bracket immerhin das Halbfinale. Eigentlich waren Eva und ich auch f\u00fcr das Frauen-Turnier gemeldet, aber wegen Corona mussten wir leider absagen.<\/p>\n\n\n\n<figure class=\"wp-block-gallery has-nested-images columns-default is-cropped wp-block-gallery-2 is-layout-flex wp-block-gallery-is-layout-flex\">\n<figure class=\"wp-block-image size-large\"><a href=\"https:\/\/mfc08.de\/wp-content\/uploads\/2022\/04\/WhatsApp-Image-2022-04-05-at-22.34.00-3.jpeg\"><img loading=\"lazy\" decoding=\"async\" width=\"1024\" height=\"683\" data-id=\"5207\" src=\"https:\/\/mfc08.de\/wp-content\/uploads\/2022\/04\/WhatsApp-Image-2022-04-05-at-22.34.00-3.jpeg\" alt=\"\" class=\"wp-image-5207\" srcset=\"https:\/\/mfc08.de\/wp-content\/uploads\/2022\/04\/WhatsApp-Image-2022-04-05-at-22.34.00-3.jpeg 1024w, https:\/\/mfc08.de\/wp-content\/uploads\/2022\/04\/WhatsApp-Image-2022-04-05-at-22.34.00-3-300x200.jpeg 300w, https:\/\/mfc08.de\/wp-content\/uploads\/2022\/04\/WhatsApp-Image-2022-04-05-at-22.34.00-3-768x512.jpeg 768w, https:\/\/mfc08.de\/wp-content\/uploads\/2022\/04\/WhatsApp-Image-2022-04-05-at-22.34.00-3-930x620.jpeg 930w\" sizes=\"(max-width: 1024px) 100vw, 1024px\" \/><\/a><figcaption>Joscha und Tristan<\/figcaption><\/figure>\n\n\n\n<figure class=\"wp-block-image size-large\"><a href=\"https:\/\/mfc08.de\/wp-content\/uploads\/2022\/04\/WhatsApp-Image-2022-04-05-at-22.34.01-6.jpeg\"><img loading=\"lazy\" decoding=\"async\" width=\"1024\" height=\"683\" data-id=\"5208\" src=\"https:\/\/mfc08.de\/wp-content\/uploads\/2022\/04\/WhatsApp-Image-2022-04-05-at-22.34.01-6.jpeg\" alt=\"\" class=\"wp-image-5208\" srcset=\"https:\/\/mfc08.de\/wp-content\/uploads\/2022\/04\/WhatsApp-Image-2022-04-05-at-22.34.01-6.jpeg 1024w, https:\/\/mfc08.de\/wp-content\/uploads\/2022\/04\/WhatsApp-Image-2022-04-05-at-22.34.01-6-300x200.jpeg 300w, https:\/\/mfc08.de\/wp-content\/uploads\/2022\/04\/WhatsApp-Image-2022-04-05-at-22.34.01-6-768x512.jpeg 768w, https:\/\/mfc08.de\/wp-content\/uploads\/2022\/04\/WhatsApp-Image-2022-04-05-at-22.34.01-6-930x620.jpeg 930w\" sizes=\"(max-width: 1024px) 100vw, 1024px\" \/><\/a><figcaption>Joscha bei der Angabe<\/figcaption><\/figure>\n\n\n\n<figure class=\"wp-block-image size-large\"><a href=\"https:\/\/mfc08.de\/wp-content\/uploads\/2022\/04\/WhatsApp-Image-2022-04-02-at-17.56.07-1.jpeg\"><img loading=\"lazy\" decoding=\"async\" width=\"768\" height=\"1024\" data-id=\"5210\" src=\"https:\/\/mfc08.de\/wp-content\/uploads\/2022\/04\/WhatsApp-Image-2022-04-02-at-17.56.07-1-768x1024.jpeg\" alt=\"\" class=\"wp-image-5210\" srcset=\"https:\/\/mfc08.de\/wp-content\/uploads\/2022\/04\/WhatsApp-Image-2022-04-02-at-17.56.07-1-768x1024.jpeg 768w, https:\/\/mfc08.de\/wp-content\/uploads\/2022\/04\/WhatsApp-Image-2022-04-02-at-17.56.07-1-225x300.jpeg 225w, https:\/\/mfc08.de\/wp-content\/uploads\/2022\/04\/WhatsApp-Image-2022-04-02-at-17.56.07-1-1152x1536.jpeg 1152w, https:\/\/mfc08.de\/wp-content\/uploads\/2022\/04\/WhatsApp-Image-2022-04-02-at-17.56.07-1.jpeg 1500w\" sizes=\"(max-width: 768px) 100vw, 768px\" \/><\/a><figcaption>Tim (oben), Bene, Kris, David (vlnr) nach erfolgreichem Turnier<\/figcaption><\/figure>\n\n\n\n<figure class=\"wp-block-image size-large\"><a href=\"https:\/\/mfc08.de\/wp-content\/uploads\/2022\/04\/WhatsApp-Image-2022-04-02-at-17.00.57-1.jpeg\"><img loading=\"lazy\" decoding=\"async\" width=\"1600\" height=\"1200\" data-id=\"5211\" src=\"https:\/\/mfc08.de\/wp-content\/uploads\/2022\/04\/WhatsApp-Image-2022-04-02-at-17.00.57-1.jpeg\" alt=\"\" class=\"wp-image-5211\" srcset=\"https:\/\/mfc08.de\/wp-content\/uploads\/2022\/04\/WhatsApp-Image-2022-04-02-at-17.00.57-1.jpeg 1600w, https:\/\/mfc08.de\/wp-content\/uploads\/2022\/04\/WhatsApp-Image-2022-04-02-at-17.00.57-1-300x225.jpeg 300w, https:\/\/mfc08.de\/wp-content\/uploads\/2022\/04\/WhatsApp-Image-2022-04-02-at-17.00.57-1-1024x768.jpeg 1024w, https:\/\/mfc08.de\/wp-content\/uploads\/2022\/04\/WhatsApp-Image-2022-04-02-at-17.00.57-1-768x576.jpeg 768w, https:\/\/mfc08.de\/wp-content\/uploads\/2022\/04\/WhatsApp-Image-2022-04-02-at-17.00.57-1-1536x1152.jpeg 1536w\" sizes=\"(max-width: 1600px) 100vw, 1600px\" \/><\/a><figcaption>Bene und David im Viertelfinale gegen M\u00fcnchen<\/figcaption><\/figure>\n<\/figure>\n","protected":false},"excerpt":{"rendered":"<p>In den letzten Wochen fanden die letzten Hallenturniere der Saison statt. Zuerst spielte ich (Larissa) das Damenturnier in Stuttgart, eine Woche sp\u00e4ter waren die M\u00e4nner in Karlsruhe am Start. In Stuttgart spielte ich zum ersten Mal im Duo mit Eva aus Kassel. Wir hatten uns \u00fcber eine verbandseigene Spielpartner*innen-B\u00f6rse kennen gelernt und von Anfang an&hellip;&nbsp;<a href=\"https:\/\/mfc08.de\/?p=5192\" rel=\"bookmark\">Weiterlesen &raquo;<span class=\"screen-reader-text\">Roundnet: Ausw\u00e4rts in Stuttgart und Karlsruhe<\/span><\/a><\/p>\n","protected":false},"author":10,"featured_media":5209,"comment_status":"closed","ping_status":"closed","sticky":false,"template":"","format":"standard","meta":{"neve_meta_sidebar":"","neve_meta_container":"","neve_meta_enable_content_width":"","neve_meta_content_width":0,"neve_meta_title_alignment":"","neve_meta_author_avatar":"","neve_post_elements_order":"","neve_meta_disable_header":"","neve_meta_disable_footer":"","neve_meta_disable_title":"","_themeisle_gutenberg_block_has_review":false,"footnotes":""},"categories":[17],"tags":[],"class_list":["post-5192","post","type-post","status-publish","format-standard","has-post-thumbnail","hentry","category-roundnet"],"_links":{"self":[{"href":"https:\/\/mfc08.de\/index.php?rest_route=\/wp\/v2\/posts\/5192","targetHints":{"allow":["GET"]}}],"collection":[{"href":"https:\/\/mfc08.de\/index.php?rest_route=\/wp\/v2\/posts"}],"about":[{"href":"https:\/\/mfc08.de\/index.php?rest_route=\/wp\/v2\/types\/post"}],"author":[{"embeddable":true,"href":"https:\/\/mfc08.de\/index.php?rest_route=\/wp\/v2\/users\/10"}],"replies":[{"embeddable":true,"href":"https:\/\/mfc08.de\/index.php?rest_route=%2Fwp%2Fv2%2Fcomments&post=5192"}],"version-history":[{"count":4,"href":"https:\/\/mfc08.de\/index.php?rest_route=\/wp\/v2\/posts\/5192\/revisions"}],"predecessor-version":[{"id":5511,"href":"https:\/\/mfc08.de\/index.php?rest_route=\/wp\/v2\/posts\/5192\/revisions\/5511"}],"wp:featuredmedia":[{"embeddable":true,"href":"https:\/\/mfc08.de\/index.php?rest_route=\/wp\/v2\/media\/5209"}],"wp:attachment":[{"href":"https:\/\/mfc08.de\/index.php?rest_route=%2Fwp%2Fv2%2Fmedia&parent=5192"}],"wp:term":[{"taxonomy":"category","embeddable":true,"href":"https:\/\/mfc08.de\/index.php?rest_route=%2Fwp%2Fv2%2Fcategories&post=5192"},{"taxonomy":"post_tag","embeddable":true,"href":"https:\/\/mfc08.de\/index.php?rest_route=%2Fwp%2Fv2%2Ftags&post=5192"}],"curies":[{"name":"wp","href":"https:\/\/api.w.org\/{rel}","templated":true}]}}