{"id":5248,"date":"2022-04-07T09:05:33","date_gmt":"2022-04-07T09:05:33","guid":{"rendered":"https:\/\/mfc08.de\/?p=5248"},"modified":"2022-05-18T12:13:20","modified_gmt":"2022-05-18T12:13:20","slug":"erstes-feldtraining-nach-der-hallensaison","status":"publish","type":"post","link":"https:\/\/mfc08.de\/?p=5248","title":{"rendered":"Roundnet: Erstes Feldtraining nach der Hallensaison"},"content":{"rendered":"\n<p>Vor zwei Wochen haben wir uns noch etwas ge\u00e4rgert, als drau\u00dfen herrlichstes Wetter war und wir immer noch Hallenspieltage und -turniere zu spielen hatten. Jetzt stehen endlich wieder die ersten Rasenturniere an, deshalb wechselte die Roundnet-Abteilung mit Beginn des Aprils von der Halle auf den Kunstrasenplatz des MFC 08. <\/p>\n\n\n\n<p>Trotz widriger Verh\u00e4ltnisse, die leider nicht mehr sonnig und warm, sondern eher regnerisch, st\u00fcrmisch und kalt aussahen, fanden sich am Montag viele Mitglieder zum ersten Training drau\u00dfen ein. Endlich haben wir wieder mehr Platz, um B\u00e4lle zu erlaufen, lange Ralleys zu spielen und mehr Netze f\u00fcr \u00dcbungen aufzustellen, endlich tut das Springen und Fallen nicht mehr so weh wie auf dem harten Hallenboden. <\/p>\n\n\n\n<p>Die n\u00e4chsten Rasenturniere mit Mannheimer Beteiligung finden in Berlin, Marburg und hoffentlich Hamburg statt. <\/p>\n\n\n\n<p>Trainiert wird aktuell Montags, Mittwochs und Freitags jeweils von 19:00 bis 21:30 auf den Kunstrasenpl\u00e4tzen des MFC 08. Damit wir unser Training besser planen k\u00f6nnen, bitten wir Interessierte und Nicht-Mitglieder uns im Vorfeld zu fragen, ob ein Schnuppertraining m\u00f6glich ist. Ihr erreicht uns entweder per E-Mail (<a href=\"mailto:roundnetmannheim@gmail.com\">roundnetmannheim@gmail.com<\/a>), \u00fcber Instagram @roundnet_mannheim oder in unserer Roundnet Mannheim WhatsApp Gruppe.<\/p>\n","protected":false},"excerpt":{"rendered":"<p>Vor zwei Wochen haben wir uns noch etwas ge\u00e4rgert, als drau\u00dfen herrlichstes Wetter war und wir immer noch Hallenspieltage und -turniere zu spielen hatten. Jetzt stehen endlich wieder die ersten Rasenturniere an, deshalb wechselte die Roundnet-Abteilung mit Beginn des Aprils von der Halle auf den Kunstrasenplatz des MFC 08. Trotz widriger Verh\u00e4ltnisse, die leider nicht&hellip;&nbsp;<a href=\"https:\/\/mfc08.de\/?p=5248\" rel=\"bookmark\">Weiterlesen &raquo;<span class=\"screen-reader-text\">Roundnet: Erstes Feldtraining nach der Hallensaison<\/span><\/a><\/p>\n","protected":false},"author":10,"featured_media":5249,"comment_status":"closed","ping_status":"closed","sticky":false,"template":"","format":"standard","meta":{"neve_meta_sidebar":"","neve_meta_container":"","neve_meta_enable_content_width":"","neve_meta_content_width":0,"neve_meta_title_alignment":"","neve_meta_author_avatar":"","neve_post_elements_order":"","neve_meta_disable_header":"","neve_meta_disable_footer":"","neve_meta_disable_title":"","_themeisle_gutenberg_block_has_review":false,"footnotes":""},"categories":[17],"tags":[],"class_list":["post-5248","post","type-post","status-publish","format-standard","has-post-thumbnail","hentry","category-roundnet"],"_links":{"self":[{"href":"https:\/\/mfc08.de\/index.php?rest_route=\/wp\/v2\/posts\/5248","targetHints":{"allow":["GET"]}}],"collection":[{"href":"https:\/\/mfc08.de\/index.php?rest_route=\/wp\/v2\/posts"}],"about":[{"href":"https:\/\/mfc08.de\/index.php?rest_route=\/wp\/v2\/types\/post"}],"author":[{"embeddable":true,"href":"https:\/\/mfc08.de\/index.php?rest_route=\/wp\/v2\/users\/10"}],"replies":[{"embeddable":true,"href":"https:\/\/mfc08.de\/index.php?rest_route=%2Fwp%2Fv2%2Fcomments&post=5248"}],"version-history":[{"count":4,"href":"https:\/\/mfc08.de\/index.php?rest_route=\/wp\/v2\/posts\/5248\/revisions"}],"predecessor-version":[{"id":5512,"href":"https:\/\/mfc08.de\/index.php?rest_route=\/wp\/v2\/posts\/5248\/revisions\/5512"}],"wp:featuredmedia":[{"embeddable":true,"href":"https:\/\/mfc08.de\/index.php?rest_route=\/wp\/v2\/media\/5249"}],"wp:attachment":[{"href":"https:\/\/mfc08.de\/index.php?rest_route=%2Fwp%2Fv2%2Fmedia&parent=5248"}],"wp:term":[{"taxonomy":"category","embeddable":true,"href":"https:\/\/mfc08.de\/index.php?rest_route=%2Fwp%2Fv2%2Fcategories&post=5248"},{"taxonomy":"post_tag","embeddable":true,"href":"https:\/\/mfc08.de\/index.php?rest_route=%2Fwp%2Fv2%2Ftags&post=5248"}],"curies":[{"name":"wp","href":"https:\/\/api.w.org\/{rel}","templated":true}]}}