{"id":5312,"date":"2022-04-12T07:18:51","date_gmt":"2022-04-12T07:18:51","guid":{"rendered":"https:\/\/mfc08.de\/?p=5312"},"modified":"2022-04-12T07:18:52","modified_gmt":"2022-04-12T07:18:52","slug":"tennis-saisoneroeffnung-10-04-22","status":"publish","type":"post","link":"https:\/\/mfc08.de\/?p=5312","title":{"rendered":"Tennis: Saisoner\u00f6ffnung 10.04.22"},"content":{"rendered":"\n<p>Unser Abteilungsleiter Tennis, Andy Hauk, freute sich, zur Saisoner\u00f6ffnung zahlreiche G\u00e4ste begr\u00fc\u00dfen zu d\u00fcrfen. Ab jetzt gilt es wieder mit Tennisschuhen, Schl\u00e4ger und B\u00e4llen ausgestattet, den Sandplatz zu erobern.<\/p>\n\n\n\n<p>Das Wetter kam uns heute insofern etwas entgegen, dass es zumindest nicht regnete. Im Laufe des Tages zeigte sich sogar die Sonne, die Temperaturen reichten jedoch nicht aus, um bereits die Schl\u00e4ger zu schwingen. Aber, das \u00e4ndert sich erfahrungsgem\u00e4\u00df in den n\u00e4chsten Tagen &#x1f60a;.<\/p>\n\n\n\n<p>Traditionsgem\u00e4\u00df wurden die Anwesenden mit Wei\u00dfwurst, Brezeln und Wei\u00dfbier verw\u00f6hnt. Hier geht ein besonderer Dank an alle Spender.<\/p>\n\n\n\n<p>Ein weiterer Dank ging an allen Helferinnen und Helfern, die bei nicht immer optimalen Wetterbedingungen geholfen haben unsere Anlage auf Vordermann zu bringen. Auch unsere Blumenk\u00e4sten wurden neu bepflanzt und erfreuen uns mit frischen Farben. Ein herzliches Dankesch\u00f6n hierf\u00fcr sowie f\u00fcr die sch\u00f6ne Gestaltung und Ausstattung der R\u00e4umlichkeiten.<\/p>\n\n\n\n<p>Einige Termine sind bereits ins Auge gefasst, wie<\/p>\n\n\n\n<p>23.\/24.04.22: Trainingscamp Damen 60 und Herren 60 mit Raminta auf unserer Anlage<\/p>\n\n\n\n<p>An diesen beiden Tagen werden die Tennispl\u00e4tze 1 \u2013 4 in den Zeiten 10:00 \u2013 12:00 und 13:00 \u2013 15:00 Uhr blockiert. Sollten weniger Pl\u00e4tze ben\u00f6tigt werden, werden wir dies rechtzeitig kommunizieren.<\/p>\n\n\n\n<p>08.06.22: Busfahrt nach Weissenhof\/Stuttgart zum Tennisturnier<\/p>\n\n\n\n<p>Hier ist eine rechtzeitige Anmeldung erforderlich, da nur begrenzte Teilnehmerzahl m\u00f6glich ist.<\/p>\n\n\n\n<p>19.06.22: An diesem Tag ist ein offenes Clubturnier geplant<\/p>\n\n\n\n<p>30.07.22: Tennisturnier 90+ auf dem Pfingstberg<\/p>\n\n\n\n<p>Obwohl wir zu den verschiedenen Veranstaltungen immer nochmals rechtzeitig informieren werden, sollten Sie sich die Termine schon mal vormerken.<\/p>\n\n\n\n<p>Es waren einige sch\u00f6ne Stunden, die wir heute gemeinsam verbringen durften und wir sind sicher, wir sehen uns in den n\u00e4chsten Monaten wieder regelm\u00e4\u00dfig.<\/p>\n\n\n\n<p>Sch\u00f6n, dass Sie da waren. Bleiben Sie alle gesund.<\/p>\n\n\n\n<p>Mit sportlichen Gr\u00fc\u00dfen <br>Abteilungsleitung Tennis<\/p>\n","protected":false},"excerpt":{"rendered":"<p>Unser Abteilungsleiter Tennis, Andy Hauk, freute sich, zur Saisoner\u00f6ffnung zahlreiche G\u00e4ste begr\u00fc\u00dfen zu d\u00fcrfen. Ab jetzt gilt es wieder mit Tennisschuhen, Schl\u00e4ger und B\u00e4llen ausgestattet, den Sandplatz zu erobern. Das Wetter kam uns heute insofern etwas entgegen, dass es zumindest nicht regnete. Im Laufe des Tages zeigte sich sogar die Sonne, die Temperaturen reichten jedoch&hellip;&nbsp;<a href=\"https:\/\/mfc08.de\/?p=5312\" rel=\"bookmark\">Weiterlesen &raquo;<span class=\"screen-reader-text\">Tennis: Saisoner\u00f6ffnung 10.04.22<\/span><\/a><\/p>\n","protected":false},"author":6,"featured_media":5313,"comment_status":"closed","ping_status":"closed","sticky":false,"template":"","format":"standard","meta":{"neve_meta_sidebar":"","neve_meta_container":"","neve_meta_enable_content_width":"","neve_meta_content_width":0,"neve_meta_title_alignment":"","neve_meta_author_avatar":"","neve_post_elements_order":"","neve_meta_disable_header":"","neve_meta_disable_footer":"","neve_meta_disable_title":"","_themeisle_gutenberg_block_has_review":false,"footnotes":""},"categories":[7,1],"tags":[],"class_list":["post-5312","post","type-post","status-publish","format-standard","has-post-thumbnail","hentry","category-tennis","category-uncategorized"],"_links":{"self":[{"href":"https:\/\/mfc08.de\/index.php?rest_route=\/wp\/v2\/posts\/5312","targetHints":{"allow":["GET"]}}],"collection":[{"href":"https:\/\/mfc08.de\/index.php?rest_route=\/wp\/v2\/posts"}],"about":[{"href":"https:\/\/mfc08.de\/index.php?rest_route=\/wp\/v2\/types\/post"}],"author":[{"embeddable":true,"href":"https:\/\/mfc08.de\/index.php?rest_route=\/wp\/v2\/users\/6"}],"replies":[{"embeddable":true,"href":"https:\/\/mfc08.de\/index.php?rest_route=%2Fwp%2Fv2%2Fcomments&post=5312"}],"version-history":[{"count":4,"href":"https:\/\/mfc08.de\/index.php?rest_route=\/wp\/v2\/posts\/5312\/revisions"}],"predecessor-version":[{"id":5317,"href":"https:\/\/mfc08.de\/index.php?rest_route=\/wp\/v2\/posts\/5312\/revisions\/5317"}],"wp:featuredmedia":[{"embeddable":true,"href":"https:\/\/mfc08.de\/index.php?rest_route=\/wp\/v2\/media\/5313"}],"wp:attachment":[{"href":"https:\/\/mfc08.de\/index.php?rest_route=%2Fwp%2Fv2%2Fmedia&parent=5312"}],"wp:term":[{"taxonomy":"category","embeddable":true,"href":"https:\/\/mfc08.de\/index.php?rest_route=%2Fwp%2Fv2%2Fcategories&post=5312"},{"taxonomy":"post_tag","embeddable":true,"href":"https:\/\/mfc08.de\/index.php?rest_route=%2Fwp%2Fv2%2Ftags&post=5312"}],"curies":[{"name":"wp","href":"https:\/\/api.w.org\/{rel}","templated":true}]}}