{"id":5358,"date":"2022-04-19T16:51:53","date_gmt":"2022-04-19T16:51:53","guid":{"rendered":"https:\/\/mfc08.de\/?p=5358"},"modified":"2022-04-19T16:51:54","modified_gmt":"2022-04-19T16:51:54","slug":"fc-hochstaett-tuerkspor-mfc-08-lindenhof-15-01","status":"publish","type":"post","link":"https:\/\/mfc08.de\/?p=5358","title":{"rendered":"FC Hochst\u00e4tt T\u00fcrkspor &#8211; MFC 08 Lindenhof 1:5 (0:1)"},"content":{"rendered":"\n<p>Zu einem hochverdienten, und am Ende klaren 5:1 (1:0) Sieg kam die erste Mannschaft beim FC Hochst\u00e4tt T\u00fcrkspor<\/p>\n\n\n\n<p>Die Mannschaft \u00fcbernahm von Anfang an das Kommando auf dem Platz und erspielte sich eine klare \u00dcberlegenheit, leider kam aber h\u00e4ufig der letzte Pass nicht an. Die erste grosse Chance hatte Daniel Launay, der aber am gegnerischen Torwart scheiterte. Auf der anderen Seite kamen die Gastgeber einmal gef\u00e4hrlich vor das Tor, aber ein St\u00fcrmer verzog frei vor Marcel Jehle im Tor knapp. Felix Schreckenberger war es schlie\u00dflich, der sch\u00f6n frei gespielt wurde und zum verdienten 1:0 traf. Mit diesem Ergebnis wurden auch die Seiten gewechselt. Auch zu Beginn der 2. Halbzeit war der MFC spielbestimmend und h\u00e4tte die F\u00fchrung durchaus erh\u00f6hen k\u00f6nnen. Bei der besten Chance wurde ein Kopfball von Oliver Schlick gerade noch auf der Linie von einem Abwehrspieler gekl\u00e4rt. Fast aus dem Nichts kamen die Gastgeber dann nach einem Eckball zum Ausgleich. Aber schon kurz danach ging unsere Elf wieder in F\u00fchrung, Bei einem Pass von Tobias Baumann hob ein T\u00fcrkspor-Abwehrspieler durch seine Ballber\u00fchrung das Abseits auf, und der erst kurz zuvor eingewechselte Yusuf Demirci traf zum 2:1. Bei den nachfolgenden Protesten schw\u00e4chten sich die Gastgeber selbst, da ein Spieler die rote Karte erhielt. In Unterzahl konnte T\u00fcrkspor nur noch einmal mit einem Weitschuss, den Marcel Jehle parierte, f\u00fcr etwas Gefahr sorgen. Ansonsten hatte unsere die Elf das Spiel jederzeit im Griff und sp\u00e4testens mit dem 3:1, erneut durch Yusuf Demirci auf Zuspiel von Felix Schreckenberger, war das Spiel entschieden. In der Schlussphase erh\u00f6hten Kevin Heck und Maurice K\u00fchnl noch auf 5:1.<\/p>\n\n\n\n<p>Im n\u00e4chsten Spiel steigt mit der Partie gegen die Spvgg Wallstadt ein weiteres Verfolgerduell auf dem 08er, in dem es darum geht die gute Position im Rennen um die vorderen Pl\u00e4tze zu verteidigen &nbsp;<\/p>\n","protected":false},"excerpt":{"rendered":"<p>Zu einem hochverdienten, und am Ende klaren 5:1 (1:0) Sieg kam die erste Mannschaft beim FC Hochst\u00e4tt T\u00fcrkspor Die Mannschaft \u00fcbernahm von Anfang an das Kommando auf dem Platz und erspielte sich eine klare \u00dcberlegenheit, leider kam aber h\u00e4ufig der letzte Pass nicht an. Die erste grosse Chance hatte Daniel Launay, der aber am gegnerischen&hellip;&nbsp;<a href=\"https:\/\/mfc08.de\/?p=5358\" rel=\"bookmark\">Weiterlesen &raquo;<span class=\"screen-reader-text\">FC Hochst\u00e4tt T\u00fcrkspor &#8211; MFC 08 Lindenhof 1:5 (0:1)<\/span><\/a><\/p>\n","protected":false},"author":5,"featured_media":4689,"comment_status":"closed","ping_status":"closed","sticky":false,"template":"","format":"standard","meta":{"neve_meta_sidebar":"","neve_meta_container":"","neve_meta_enable_content_width":"","neve_meta_content_width":0,"neve_meta_title_alignment":"","neve_meta_author_avatar":"","neve_post_elements_order":"","neve_meta_disable_header":"","neve_meta_disable_footer":"","neve_meta_disable_title":"","_themeisle_gutenberg_block_has_review":false,"footnotes":""},"categories":[3],"tags":[],"class_list":["post-5358","post","type-post","status-publish","format-standard","has-post-thumbnail","hentry","category-1-mannschaft"],"_links":{"self":[{"href":"https:\/\/mfc08.de\/index.php?rest_route=\/wp\/v2\/posts\/5358","targetHints":{"allow":["GET"]}}],"collection":[{"href":"https:\/\/mfc08.de\/index.php?rest_route=\/wp\/v2\/posts"}],"about":[{"href":"https:\/\/mfc08.de\/index.php?rest_route=\/wp\/v2\/types\/post"}],"author":[{"embeddable":true,"href":"https:\/\/mfc08.de\/index.php?rest_route=\/wp\/v2\/users\/5"}],"replies":[{"embeddable":true,"href":"https:\/\/mfc08.de\/index.php?rest_route=%2Fwp%2Fv2%2Fcomments&post=5358"}],"version-history":[{"count":1,"href":"https:\/\/mfc08.de\/index.php?rest_route=\/wp\/v2\/posts\/5358\/revisions"}],"predecessor-version":[{"id":5359,"href":"https:\/\/mfc08.de\/index.php?rest_route=\/wp\/v2\/posts\/5358\/revisions\/5359"}],"wp:featuredmedia":[{"embeddable":true,"href":"https:\/\/mfc08.de\/index.php?rest_route=\/wp\/v2\/media\/4689"}],"wp:attachment":[{"href":"https:\/\/mfc08.de\/index.php?rest_route=%2Fwp%2Fv2%2Fmedia&parent=5358"}],"wp:term":[{"taxonomy":"category","embeddable":true,"href":"https:\/\/mfc08.de\/index.php?rest_route=%2Fwp%2Fv2%2Fcategories&post=5358"},{"taxonomy":"post_tag","embeddable":true,"href":"https:\/\/mfc08.de\/index.php?rest_route=%2Fwp%2Fv2%2Ftags&post=5358"}],"curies":[{"name":"wp","href":"https:\/\/api.w.org\/{rel}","templated":true}]}}