{"id":5445,"date":"2022-05-12T10:33:06","date_gmt":"2022-05-12T10:33:06","guid":{"rendered":"https:\/\/mfc08.de\/?p=5445"},"modified":"2022-05-12T15:12:53","modified_gmt":"2022-05-12T15:12:53","slug":"tennis-damen-60-heimspiel-am-11-05-22","status":"publish","type":"post","link":"https:\/\/mfc08.de\/?p=5445","title":{"rendered":"Tennis: Damen 60 &#8211; Sieg beim ersten Heimspiel am 11.05.22"},"content":{"rendered":"\n<p>Vor gro\u00dfer Kulisse fand am 11.05.22 unser erstes Heimspiel gegen die TSG SpVgg03 Ilvesheim\/TC Neckar-Ilvesheim\/TK GW Mannheim statt.<\/p>\n\n\n\n<p>Auf dem Mannschaftsbild sind beide Mannschaften vertreten. Hinten v.l.n.r.: Reinhilde Kitzmann, Gitti Roos, Birgit Reiher, Andrea H\u00e4ffner, Waltraud Leininger, Meike Lutz und vorne v.l.: Conny Breitr\u00fcck-Gable und Dr. Ilona Knoll.<\/p>\n\n\n\n<p>Im Doppel wurden von beiden Mannschaften z.T. frische Spielerinnen eingesetzt, die leider nicht auf dem Bild abgebildet sind. Andrea H\u00e4ffner wurde von Petra Schneemann abgel\u00f6st, bei der TSG  kamen Jutta Allgaier und Uschi Wei\u00df f\u00fcr Ilona Knoll und Waltraud Leininger.<\/p>\n\n\n\n<p>Die Begegnung endete mit einem 4:2 f\u00fcr den MFC 08 LIndenhof. Die Spiele wurden ausnahmslos sehr fair und in freundschaftlicher Atmosph\u00e4re ausgetragen. <\/p>\n\n\n\n<p>Der Abend endete mit dem gemeinsamen Abendessen und netten Gespr\u00e4chen unter den gro\u00dfen Kastanienb\u00e4umen unseres Clubhauses. <\/p>\n\n\n\n<p>Ein herzliches Dankesch\u00f6n auch an alle Kuchenspender und Unterst\u00fctzer jeglicher Art an diesem Tag.<\/p>\n\n\n\n<p>Den aktuellen Tabellenstand kann man <a href=\"https:\/\/baden.liga.nu\/cgi-bin\/WebObjects\/nuLigaTENDE.woa\/wa\/groupPage?championship=B1+S+2022&amp;group=101\">hier <\/a>einsehen.<\/p>\n","protected":false},"excerpt":{"rendered":"<p>Vor gro\u00dfer Kulisse fand am 11.05.22 unser erstes Heimspiel gegen die TSG SpVgg03 Ilvesheim\/TC Neckar-Ilvesheim\/TK GW Mannheim statt. Auf dem Mannschaftsbild sind beide Mannschaften vertreten. Hinten v.l.n.r.: Reinhilde Kitzmann, Gitti Roos, Birgit Reiher, Andrea H\u00e4ffner, Waltraud Leininger, Meike Lutz und vorne v.l.: Conny Breitr\u00fcck-Gable und Dr. Ilona Knoll. Im Doppel wurden von beiden Mannschaften z.T.&hellip;&nbsp;<a href=\"https:\/\/mfc08.de\/?p=5445\" rel=\"bookmark\">Weiterlesen &raquo;<span class=\"screen-reader-text\">Tennis: Damen 60 &#8211; Sieg beim ersten Heimspiel am 11.05.22<\/span><\/a><\/p>\n","protected":false},"author":6,"featured_media":5449,"comment_status":"closed","ping_status":"closed","sticky":false,"template":"","format":"standard","meta":{"neve_meta_sidebar":"","neve_meta_container":"","neve_meta_enable_content_width":"","neve_meta_content_width":0,"neve_meta_title_alignment":"","neve_meta_author_avatar":"","neve_post_elements_order":"","neve_meta_disable_header":"","neve_meta_disable_footer":"","neve_meta_disable_title":"","_themeisle_gutenberg_block_has_review":false,"footnotes":""},"categories":[7,1],"tags":[],"class_list":["post-5445","post","type-post","status-publish","format-standard","has-post-thumbnail","hentry","category-tennis","category-uncategorized"],"_links":{"self":[{"href":"https:\/\/mfc08.de\/index.php?rest_route=\/wp\/v2\/posts\/5445","targetHints":{"allow":["GET"]}}],"collection":[{"href":"https:\/\/mfc08.de\/index.php?rest_route=\/wp\/v2\/posts"}],"about":[{"href":"https:\/\/mfc08.de\/index.php?rest_route=\/wp\/v2\/types\/post"}],"author":[{"embeddable":true,"href":"https:\/\/mfc08.de\/index.php?rest_route=\/wp\/v2\/users\/6"}],"replies":[{"embeddable":true,"href":"https:\/\/mfc08.de\/index.php?rest_route=%2Fwp%2Fv2%2Fcomments&post=5445"}],"version-history":[{"count":4,"href":"https:\/\/mfc08.de\/index.php?rest_route=\/wp\/v2\/posts\/5445\/revisions"}],"predecessor-version":[{"id":5453,"href":"https:\/\/mfc08.de\/index.php?rest_route=\/wp\/v2\/posts\/5445\/revisions\/5453"}],"wp:featuredmedia":[{"embeddable":true,"href":"https:\/\/mfc08.de\/index.php?rest_route=\/wp\/v2\/media\/5449"}],"wp:attachment":[{"href":"https:\/\/mfc08.de\/index.php?rest_route=%2Fwp%2Fv2%2Fmedia&parent=5445"}],"wp:term":[{"taxonomy":"category","embeddable":true,"href":"https:\/\/mfc08.de\/index.php?rest_route=%2Fwp%2Fv2%2Fcategories&post=5445"},{"taxonomy":"post_tag","embeddable":true,"href":"https:\/\/mfc08.de\/index.php?rest_route=%2Fwp%2Fv2%2Ftags&post=5445"}],"curies":[{"name":"wp","href":"https:\/\/api.w.org\/{rel}","templated":true}]}}