{"id":5456,"date":"2022-05-15T19:57:14","date_gmt":"2022-05-15T19:57:14","guid":{"rendered":"https:\/\/mfc08.de\/?p=5456"},"modified":"2022-05-15T19:57:16","modified_gmt":"2022-05-15T19:57:16","slug":"fv-03-ladenburg-mfc-08-lindenhof-11-10","status":"publish","type":"post","link":"https:\/\/mfc08.de\/?p=5456","title":{"rendered":"FV 03 Ladenburg &#8211; MFC 08 Lindenhof 1:1 (1:0)"},"content":{"rendered":"\n<p>Mit einem 1:1 (0:1) Unentschieden musste sich die erste Mannschaft beim Gastspiel beim FV 03 Ladenburg zufrieden geben.<\/p>\n\n\n\n<p>Nach einer ausgeglichenen Anfangsphase \u00fcbernahm unsere Elf mit zunehmender Spieldauer die Spielkontrolle \u00a0und kam auch zu guten Chancen. Doch bei einem Kopfball von Ivan Vlaho und einem Schu\u00df von Tobias Baumann reagierte der Ladenburger Towart zweimal gut und Yusuf Demirci verfehlte das Tor knapp. Auf der anderen Seite versuchten es die Ladenburger immer wieder mit langen B\u00e4llen und einmal scheiterte ein St\u00fcrmer an Marcel Jehle und einmal legte sich der St\u00fcrmer den Ball zu weit vor. Nach einem Freisto\u00df von Yusuf Demirci verfehlten zwei Spieler den Ball nur knapp. Pech dann, dass der Schiedsrichter nach einem Foul an Felix Schreckenberger im Strafraum den Tatort auf au\u00dferhalb verlegte und der folgende Freisto\u00df erfolglos blieb. Kurz vor der Pause war es dann wieder ein langer Ball mit dem die Abwehr \u00fcberspielt wurde und diesmal traf der Ladenburger St\u00fcrmer zur F\u00fchrung. Kurz danach wurde ein Querpass von Tobias Baumann auf Felix Schreckenberger gerade noch abgeblockt und somit blieb es zur Pause bei einer mehr als gl\u00fccklichen F\u00fchrung f\u00fcr die Gastgeber. Gleich nach der Pause dann die gro\u00dfe Chance zum Ausgleich. Felix Schreckenberger drang mit Tempo in den Strafraum ein und wurde dort zu Fall gebracht, doch Ivan Vlaho scheiterte mit dem f\u00e4lligen Elfmeter am Ladenburger Torwart. In der Folgezeit unsere Elf zwar bem\u00fcht, aber das Spiel war jetzt von vielen Nickligkeiten gepr\u00e4gt, die keinen Spielfluss aufkommen lie\u00dfen und von dem schwachen Schiedsrichter, der \u00fcberhaupt keine Linie hatte, nicht im Geringsten unterbunden wurden. Eine Viertelstunde vor Schluss war es dann Yusuf Demirci vorenthalten mit einem direkt verwandelten Freisto\u00df den Ausgleich zu erzielen. In der Folgezeit dr\u00e4ngte unsere Elf auf den Siegtreffer, aber Felix Schreckenberger verzog bei einer guten Chance knapp am langen Eck vorbei. Gl\u00fcck dann, als der Schiedsrichter den Gastgebern einen Freisto\u00df in aussichtsreicher Situation schenkte, der am Au\u00dfenpfosten landete. Kurz danach landete eine Flanke von Yusuf Demirci ebenfalls am Pfosten und bei einer weiteren guten Chance von Yusuf Demirci reagierte der Ladenburger Torwart erneut stark. In der Nachspielzeit traf Maurice K\u00fchnl nach einer Ecke von Yusuf Demirci zum vermeintlichen Siegtreffer, aber erneut wollte der Schiedsrichter ein Foul gesehen haben. Als negativer H\u00f6hepunkt st\u00fcrzte dann in der letzten Aktion Maurice K\u00fchnl nach einem (wieder mal nicht geahndeten) Foul ungl\u00fccklich auf dem Arm und musste zur weiteren Untersuchung mit dem Rettungswagen ins Krankenhaus gebracht werden.<\/p>\n\n\n\n<p>Nach diesem Punktverlust, der wie schon die Niederlage in Plankstadt bei besserer Chancenverwertung h\u00e4tte vermieden werden k\u00f6nnen, ist die Chance auf den 2. Platz nur noch theoretischer Natur. Dennoch gilt es im n\u00e4chsten Heimspiel gegen den FV Leutershausen zumindest den 4. Platz zu verteidigen. &nbsp;&nbsp;&nbsp;&nbsp;&nbsp;&nbsp;&nbsp;&nbsp;&nbsp;&nbsp;&nbsp;&nbsp;&nbsp;&nbsp;&nbsp;&nbsp;&nbsp;&nbsp;&nbsp;<\/p>\n","protected":false},"excerpt":{"rendered":"<p>Mit einem 1:1 (0:1) Unentschieden musste sich die erste Mannschaft beim Gastspiel beim FV 03 Ladenburg zufrieden geben. Nach einer ausgeglichenen Anfangsphase \u00fcbernahm unsere Elf mit zunehmender Spieldauer die Spielkontrolle \u00a0und kam auch zu guten Chancen. Doch bei einem Kopfball von Ivan Vlaho und einem Schu\u00df von Tobias Baumann reagierte der Ladenburger Towart zweimal gut&hellip;&nbsp;<a href=\"https:\/\/mfc08.de\/?p=5456\" rel=\"bookmark\">Weiterlesen &raquo;<span class=\"screen-reader-text\">FV 03 Ladenburg &#8211; MFC 08 Lindenhof 1:1 (1:0)<\/span><\/a><\/p>\n","protected":false},"author":5,"featured_media":4689,"comment_status":"closed","ping_status":"closed","sticky":false,"template":"","format":"standard","meta":{"neve_meta_sidebar":"","neve_meta_container":"","neve_meta_enable_content_width":"","neve_meta_content_width":0,"neve_meta_title_alignment":"","neve_meta_author_avatar":"","neve_post_elements_order":"","neve_meta_disable_header":"","neve_meta_disable_footer":"","neve_meta_disable_title":"","_themeisle_gutenberg_block_has_review":false,"footnotes":""},"categories":[3],"tags":[],"class_list":["post-5456","post","type-post","status-publish","format-standard","has-post-thumbnail","hentry","category-1-mannschaft"],"_links":{"self":[{"href":"https:\/\/mfc08.de\/index.php?rest_route=\/wp\/v2\/posts\/5456","targetHints":{"allow":["GET"]}}],"collection":[{"href":"https:\/\/mfc08.de\/index.php?rest_route=\/wp\/v2\/posts"}],"about":[{"href":"https:\/\/mfc08.de\/index.php?rest_route=\/wp\/v2\/types\/post"}],"author":[{"embeddable":true,"href":"https:\/\/mfc08.de\/index.php?rest_route=\/wp\/v2\/users\/5"}],"replies":[{"embeddable":true,"href":"https:\/\/mfc08.de\/index.php?rest_route=%2Fwp%2Fv2%2Fcomments&post=5456"}],"version-history":[{"count":1,"href":"https:\/\/mfc08.de\/index.php?rest_route=\/wp\/v2\/posts\/5456\/revisions"}],"predecessor-version":[{"id":5457,"href":"https:\/\/mfc08.de\/index.php?rest_route=\/wp\/v2\/posts\/5456\/revisions\/5457"}],"wp:featuredmedia":[{"embeddable":true,"href":"https:\/\/mfc08.de\/index.php?rest_route=\/wp\/v2\/media\/4689"}],"wp:attachment":[{"href":"https:\/\/mfc08.de\/index.php?rest_route=%2Fwp%2Fv2%2Fmedia&parent=5456"}],"wp:term":[{"taxonomy":"category","embeddable":true,"href":"https:\/\/mfc08.de\/index.php?rest_route=%2Fwp%2Fv2%2Fcategories&post=5456"},{"taxonomy":"post_tag","embeddable":true,"href":"https:\/\/mfc08.de\/index.php?rest_route=%2Fwp%2Fv2%2Ftags&post=5456"}],"curies":[{"name":"wp","href":"https:\/\/api.w.org\/{rel}","templated":true}]}}