{"id":5533,"date":"2022-05-23T05:22:00","date_gmt":"2022-05-23T05:22:00","guid":{"rendered":"https:\/\/mfc08.de\/?p=5533"},"modified":"2022-05-23T16:34:28","modified_gmt":"2022-05-23T16:34:28","slug":"a-jugend-fuer-entscheidungsspiel-zur-landesliga-qualifiziert","status":"publish","type":"post","link":"https:\/\/mfc08.de\/?p=5533","title":{"rendered":"A-Jugend f\u00fcr Entscheidungsspiel zur Landesliga qualifiziert"},"content":{"rendered":"\n<p>Unsere A-Jugend hat sich nach einer sehr erfolgreichen Aufstiegsrunde f\u00fcr ein Entscheidungsspiel gegen die punktgleiche Mannschaft von DJK Feudenheim um den Landesligaaufstieg qualifiziert. Das Spiel findet n\u00e4chsten Samstag um 18 Uhr in Ketsch statt. Es w\u00e4re sehr sch\u00f6n, wenn m\u00f6glichst viele 08er die Mannschaft vor Ort unterst\u00fctzen.<\/p>\n","protected":false},"excerpt":{"rendered":"<p>Unsere A-Jugend hat sich nach einer sehr erfolgreichen Aufstiegsrunde f\u00fcr ein Entscheidungsspiel gegen die punktgleiche Mannschaft von DJK Feudenheim um den Landesligaaufstieg qualifiziert. Das Spiel findet n\u00e4chsten Samstag um 18 Uhr in Ketsch statt. Es w\u00e4re sehr sch\u00f6n, wenn m\u00f6glichst viele 08er die Mannschaft vor Ort unterst\u00fctzen.<\/p>\n","protected":false},"author":2,"featured_media":5534,"comment_status":"closed","ping_status":"closed","sticky":false,"template":"","format":"standard","meta":{"neve_meta_sidebar":"","neve_meta_container":"","neve_meta_enable_content_width":"","neve_meta_content_width":0,"neve_meta_title_alignment":"","neve_meta_author_avatar":"","neve_post_elements_order":"","neve_meta_disable_header":"","neve_meta_disable_footer":"","neve_meta_disable_title":"","_themeisle_gutenberg_block_has_review":false,"footnotes":""},"categories":[11,1],"tags":[],"class_list":["post-5533","post","type-post","status-publish","format-standard","has-post-thumbnail","hentry","category-jugend","category-uncategorized"],"_links":{"self":[{"href":"https:\/\/mfc08.de\/index.php?rest_route=\/wp\/v2\/posts\/5533","targetHints":{"allow":["GET"]}}],"collection":[{"href":"https:\/\/mfc08.de\/index.php?rest_route=\/wp\/v2\/posts"}],"about":[{"href":"https:\/\/mfc08.de\/index.php?rest_route=\/wp\/v2\/types\/post"}],"author":[{"embeddable":true,"href":"https:\/\/mfc08.de\/index.php?rest_route=\/wp\/v2\/users\/2"}],"replies":[{"embeddable":true,"href":"https:\/\/mfc08.de\/index.php?rest_route=%2Fwp%2Fv2%2Fcomments&post=5533"}],"version-history":[{"count":1,"href":"https:\/\/mfc08.de\/index.php?rest_route=\/wp\/v2\/posts\/5533\/revisions"}],"predecessor-version":[{"id":5535,"href":"https:\/\/mfc08.de\/index.php?rest_route=\/wp\/v2\/posts\/5533\/revisions\/5535"}],"wp:featuredmedia":[{"embeddable":true,"href":"https:\/\/mfc08.de\/index.php?rest_route=\/wp\/v2\/media\/5534"}],"wp:attachment":[{"href":"https:\/\/mfc08.de\/index.php?rest_route=%2Fwp%2Fv2%2Fmedia&parent=5533"}],"wp:term":[{"taxonomy":"category","embeddable":true,"href":"https:\/\/mfc08.de\/index.php?rest_route=%2Fwp%2Fv2%2Fcategories&post=5533"},{"taxonomy":"post_tag","embeddable":true,"href":"https:\/\/mfc08.de\/index.php?rest_route=%2Fwp%2Fv2%2Ftags&post=5533"}],"curies":[{"name":"wp","href":"https:\/\/api.w.org\/{rel}","templated":true}]}}