{"id":5553,"date":"2022-05-29T21:13:32","date_gmt":"2022-05-29T21:13:32","guid":{"rendered":"https:\/\/mfc08.de\/?p=5553"},"modified":"2022-05-29T21:14:04","modified_gmt":"2022-05-29T21:14:04","slug":"fc-germania-friedrichsfeld-mfc08-lindenhof-45-03","status":"publish","type":"post","link":"https:\/\/mfc08.de\/?p=5553","title":{"rendered":"FC Germania Friedrichsfeld &#8211; MFC 08 Lindenhof 4:5 (0:3)"},"content":{"rendered":"\n<p>Auch im dritten Spiel der ersten Mannschaft in Folge gab es ein Torfestival, dass diesmal mit einem am Ende hart erk\u00e4mpften 5:4 (3:0) Sieg beim FC Germania Friedrichsfeld endete<\/p>\n\n\n\n<p>Es entwickelte sich von Anfang an offener Schlagabtausch, in dem beide Mannschaften immer wieder den Weg nach vorne suchten. Die Gastgeber zwar mit optischen Vorteilen und zun\u00e4chst auch einem Chancenplus, aber die F\u00fchrung gelang Mitte der ersten Halbzeit dem MFC. Felix Schreckenberger konnte sich am Strafraum &nbsp;durchsetzen, seinen Schuss konnte der Torh\u00fcter nicht festhalten und der nachsetzende Yusuf Demirci wurde zu Fall gebracht. Den f\u00e4lligen Elfmeter verwandelte Felix Schreckenberger sicher zur F\u00fchrung. In der Schlussphase der ersten Halbzeit erh\u00f6hte die Elf dann nach einem musterg\u00fcltigen Konter auf 2:0. Yusuf Demirci nahm eine Flanke von Tobias Baumann volley und traf genau in den Winkel. Fast im Gegenzug die bis dahin beste Chance der Gastgeber, aber Marcel Jehle im Tor konnte gut parieren und unmittelbar vor der Pause verwertete Yusuf Demirci bei einem weiteren Konter eine Hereingabe von Felix Schreckenberger zum 3:0. Kurz nach der Pause verk\u00fcrzte Friedrichsfeld nach einem langen Ball in den Strafraum auf 1:3. Aber nur kurz danach spielte Tobias Baumann erneut Yusuf Demirci frei und dieser erh\u00f6hte mit seinem 3. Treffer in diesem Spiel auf 1:4. Und als erneut nur wenig sp\u00e4ter Felix Schreckenberger sogar auf 1:5 erh\u00f6hte schien das Spiel entschieden. Doch die Gastgeber verk\u00fcrzten nach einer Ecke auf 2:5 und sch\u00f6pften somit neue Hoffnung. Eine Viertelstunde vor Schluss entschied der Schiedsrichter nach einer Flanke auf Zeichen seines Linienrichters auf Handelfmeter f\u00fcr Friedrichsfeld den diese zum 3:5 nutzten. Direkt danach wurde das vermeintliche 6:3 wegen einer angeblichen Abseitsstellung aberkannt, so dass die Gastgeber, die ja noch im Abstiegskampf steckten, weiter anrannten. Die 08 Defensive lie\u00df nun jegliche Souver\u00e4nit\u00e4t vermissen und so kam es immer wieder zu gef\u00e4hrlichen Situationen und Marcel Jehle im Tor musste einige Male eingreifen. 5 Minuten vor Schluss war es dann aber doch soweit, nach einem zu kurz abgewehrten Freisto\u00df traf Friedrichsfeld aus dem R\u00fcckraum zum 4:5 Anschlusstreffer. Die Gastgeber warfen jetzt alles nach vorne, doch auch in der \u00fcppigen Nachspielzeit sollte kein Treffer mehr gelingen und da auch Yusuf Demirci bei einem Konter die Chance auf die endg\u00fcltige Entscheidung vergab, blieb es beim 5:4 Sieg. Nach dem Spiel hatten aber auch die Gastgeber noch Grund zum Feiern, da sie durch eine Niederlage des direkten Konkurrenten durch eine eindrucksvolle R\u00fcckrunde den Klassenerhalt geschafft haben.<\/p>\n\n\n\n<p>Vor dem letzten Saisonspiel gegen den Tabellen-Zweiten VfB Gartenstadt hat die Mannschaft somit den 4. Tabellenplatz sicher. F\u00fcr Gartenstadt geht es in diesem Spiel um die Qualifikation zur Landesliga-Relegation, unser Team kann hier also zum Z\u00fcnglein an der Waage werden &nbsp;&nbsp;&nbsp;&nbsp;&nbsp;&nbsp;&nbsp;&nbsp;&nbsp;&nbsp;&nbsp;&nbsp;&nbsp;&nbsp;&nbsp;&nbsp;&nbsp;&nbsp;&nbsp;&nbsp;&nbsp;&nbsp;&nbsp;&nbsp;&nbsp;&nbsp;&nbsp;&nbsp;&nbsp;&nbsp;<\/p>\n","protected":false},"excerpt":{"rendered":"<p>Auch im dritten Spiel der ersten Mannschaft in Folge gab es ein Torfestival, dass diesmal mit einem am Ende hart erk\u00e4mpften 5:4 (3:0) Sieg beim FC Germania Friedrichsfeld endete Es entwickelte sich von Anfang an offener Schlagabtausch, in dem beide Mannschaften immer wieder den Weg nach vorne suchten. Die Gastgeber zwar mit optischen Vorteilen und&hellip;&nbsp;<a href=\"https:\/\/mfc08.de\/?p=5553\" rel=\"bookmark\">Weiterlesen &raquo;<span class=\"screen-reader-text\">FC Germania Friedrichsfeld &#8211; MFC 08 Lindenhof 4:5 (0:3)<\/span><\/a><\/p>\n","protected":false},"author":5,"featured_media":4013,"comment_status":"closed","ping_status":"closed","sticky":false,"template":"","format":"standard","meta":{"neve_meta_sidebar":"","neve_meta_container":"","neve_meta_enable_content_width":"","neve_meta_content_width":0,"neve_meta_title_alignment":"","neve_meta_author_avatar":"","neve_post_elements_order":"","neve_meta_disable_header":"","neve_meta_disable_footer":"","neve_meta_disable_title":"","_themeisle_gutenberg_block_has_review":false,"footnotes":""},"categories":[3],"tags":[],"class_list":["post-5553","post","type-post","status-publish","format-standard","has-post-thumbnail","hentry","category-1-mannschaft"],"_links":{"self":[{"href":"https:\/\/mfc08.de\/index.php?rest_route=\/wp\/v2\/posts\/5553","targetHints":{"allow":["GET"]}}],"collection":[{"href":"https:\/\/mfc08.de\/index.php?rest_route=\/wp\/v2\/posts"}],"about":[{"href":"https:\/\/mfc08.de\/index.php?rest_route=\/wp\/v2\/types\/post"}],"author":[{"embeddable":true,"href":"https:\/\/mfc08.de\/index.php?rest_route=\/wp\/v2\/users\/5"}],"replies":[{"embeddable":true,"href":"https:\/\/mfc08.de\/index.php?rest_route=%2Fwp%2Fv2%2Fcomments&post=5553"}],"version-history":[{"count":2,"href":"https:\/\/mfc08.de\/index.php?rest_route=\/wp\/v2\/posts\/5553\/revisions"}],"predecessor-version":[{"id":5555,"href":"https:\/\/mfc08.de\/index.php?rest_route=\/wp\/v2\/posts\/5553\/revisions\/5555"}],"wp:featuredmedia":[{"embeddable":true,"href":"https:\/\/mfc08.de\/index.php?rest_route=\/wp\/v2\/media\/4013"}],"wp:attachment":[{"href":"https:\/\/mfc08.de\/index.php?rest_route=%2Fwp%2Fv2%2Fmedia&parent=5553"}],"wp:term":[{"taxonomy":"category","embeddable":true,"href":"https:\/\/mfc08.de\/index.php?rest_route=%2Fwp%2Fv2%2Fcategories&post=5553"},{"taxonomy":"post_tag","embeddable":true,"href":"https:\/\/mfc08.de\/index.php?rest_route=%2Fwp%2Fv2%2Ftags&post=5553"}],"curies":[{"name":"wp","href":"https:\/\/api.w.org\/{rel}","templated":true}]}}