{"id":5569,"date":"2022-06-03T20:26:34","date_gmt":"2022-06-03T20:26:34","guid":{"rendered":"https:\/\/mfc08.de\/?p=5569"},"modified":"2022-06-03T21:06:11","modified_gmt":"2022-06-03T21:06:11","slug":"sommerfest-am-25-6","status":"publish","type":"post","link":"https:\/\/mfc08.de\/?p=5569","title":{"rendered":"Sommerfest am 25.6."},"content":{"rendered":"\n<p>Am 25.6. wollen wir ein gro\u00dfes gemeinsames Sommerfest feiern. Bereits am Mittag wird die Jugendabteilung mit verschiedenen Aktivit\u00e4ten das Fest er\u00f6ffnen. Am Abend werden dann unsere aktiven Sportler, gemeinsam mit allen Vereinsmitgliedern, Freunden und G\u00f6nnern einen hoffentlich angenehmen Sommertag auf dem 08er ausklingen lassen.<br><br>Es w\u00e4re sehr sch\u00f6n wenn an diesem Tag m\u00f6glichst die ganze Bandbreite des Vereins vertreten w\u00e4re.<\/p>\n\n\n\n<p>Von den Bambinis \u00fcber die Jugendlichen, die Blauwei\u00df und unsere beiden aktiven Fu\u00dfballmannschaften bis hin zur AH und unseren weiteren Abteilungen Tennis und Roundnet sowie die Gymnastikgruppe.<br><br>Alle Vereinsmitglieder, nat\u00fcrlich auch die &#8222;passiven&#8220;, werden an diesem Tag zu einem kleinen Grillteller eingeladen, auch als Dankesch\u00f6n f\u00fcr die Vereinstreue w\u00e4hrend der schwierigen Coronazeit.<\/p>\n\n\n\n<p>Wir freuen uns \u00fcber eine rege Teilnahme und entsprechende R\u00fcckmeldung bei den jeweiligen Trainern, Betreuern, Abteilungsleitern etc. oder gerne auch per Mail unter vorstand@mfc08.de.<br><br><br><br> <\/p>\n","protected":false},"excerpt":{"rendered":"<p>Am 25.6. wollen wir ein gro\u00dfes gemeinsames Sommerfest feiern. Bereits am Mittag wird die Jugendabteilung mit verschiedenen Aktivit\u00e4ten das Fest er\u00f6ffnen. Am Abend werden dann unsere aktiven Sportler, gemeinsam mit allen Vereinsmitgliedern, Freunden und G\u00f6nnern einen hoffentlich angenehmen Sommertag auf dem 08er ausklingen lassen. Es w\u00e4re sehr sch\u00f6n wenn an diesem Tag m\u00f6glichst die ganze&hellip;&nbsp;<a href=\"https:\/\/mfc08.de\/?p=5569\" rel=\"bookmark\">Weiterlesen &raquo;<span class=\"screen-reader-text\">Sommerfest am 25.6.<\/span><\/a><\/p>\n","protected":false},"author":2,"featured_media":1345,"comment_status":"closed","ping_status":"closed","sticky":false,"template":"","format":"standard","meta":{"neve_meta_sidebar":"","neve_meta_container":"","neve_meta_enable_content_width":"","neve_meta_content_width":0,"neve_meta_title_alignment":"","neve_meta_author_avatar":"","neve_post_elements_order":"","neve_meta_disable_header":"","neve_meta_disable_footer":"","neve_meta_disable_title":"","_themeisle_gutenberg_block_has_review":false,"footnotes":""},"categories":[1],"tags":[],"class_list":["post-5569","post","type-post","status-publish","format-standard","has-post-thumbnail","hentry","category-uncategorized"],"_links":{"self":[{"href":"https:\/\/mfc08.de\/index.php?rest_route=\/wp\/v2\/posts\/5569","targetHints":{"allow":["GET"]}}],"collection":[{"href":"https:\/\/mfc08.de\/index.php?rest_route=\/wp\/v2\/posts"}],"about":[{"href":"https:\/\/mfc08.de\/index.php?rest_route=\/wp\/v2\/types\/post"}],"author":[{"embeddable":true,"href":"https:\/\/mfc08.de\/index.php?rest_route=\/wp\/v2\/users\/2"}],"replies":[{"embeddable":true,"href":"https:\/\/mfc08.de\/index.php?rest_route=%2Fwp%2Fv2%2Fcomments&post=5569"}],"version-history":[{"count":5,"href":"https:\/\/mfc08.de\/index.php?rest_route=\/wp\/v2\/posts\/5569\/revisions"}],"predecessor-version":[{"id":5577,"href":"https:\/\/mfc08.de\/index.php?rest_route=\/wp\/v2\/posts\/5569\/revisions\/5577"}],"wp:featuredmedia":[{"embeddable":true,"href":"https:\/\/mfc08.de\/index.php?rest_route=\/wp\/v2\/media\/1345"}],"wp:attachment":[{"href":"https:\/\/mfc08.de\/index.php?rest_route=%2Fwp%2Fv2%2Fmedia&parent=5569"}],"wp:term":[{"taxonomy":"category","embeddable":true,"href":"https:\/\/mfc08.de\/index.php?rest_route=%2Fwp%2Fv2%2Fcategories&post=5569"},{"taxonomy":"post_tag","embeddable":true,"href":"https:\/\/mfc08.de\/index.php?rest_route=%2Fwp%2Fv2%2Ftags&post=5569"}],"curies":[{"name":"wp","href":"https:\/\/api.w.org\/{rel}","templated":true}]}}