{"id":5579,"date":"2022-06-06T17:16:54","date_gmt":"2022-06-06T17:16:54","guid":{"rendered":"https:\/\/mfc08.de\/?p=5579"},"modified":"2022-06-06T17:16:57","modified_gmt":"2022-06-06T17:16:57","slug":"mfc-08-lindenhof-2-vfl-kurpfalz-neckarau-2-26-12","status":"publish","type":"post","link":"https:\/\/mfc08.de\/?p=5579","title":{"rendered":"MFC 08 Lindenhof 2 &#8211; VfL Kurpfalz Neckarau 2  2:6 (1:2)"},"content":{"rendered":"\n<p>Im letzten Heimspiel der Saison musste die zweite Mannschaft die \u00dcberlegenheit des ungeschlagenen Meisters und Aufsteigers in die Kreisklasse A, VfL Kurpfalz Neckarau 2, anerkennen und eine 2:6 (1:2) Niederlage hinnehmen<\/p>\n\n\n\n<p>Das Spiel begann f\u00fcr unser Team seht vielversprechend. Bereits in der 1. Minute konnte Nico Jehle ein Missverst\u00e4ndnis in der Neckarauer Abwehr zum 1:0 ausnutzen. Doch schon fr\u00fch konnte Neckarau den Ausgleich erzielen. In der Folgezeit entwickelte sich ein offener Schlagabtausch mit Chancen auf beiden Seiten, wobei die G\u00e4ste ein \u00dcbergewicht hatten und kurz vor der Pause auch verdient in F\u00fchrung gingen. In die zweite Halbzeit starteten die G\u00e4ste druckvoller und bauten die F\u00fchrung auf 5:1 aus. Aber auch unsere Elf suchte seine Chancen und erneut Nico Jehle konnte nach feinem Zuspiel von Thorsten Rei\u00df aus 2:5 verk\u00fcrzen. Kurz vor Schluss erh\u00f6hten die G\u00e4ste dann zum Endstand von 2:6.<\/p>\n\n\n\n<p>Trotz der Niederlage beendete die unsere Elf die Saison mit 65 Punkten und einem Torverh\u00e4ltnis von 102:40 auf dem 2. Tabellenplatz und erreichte somit die Relegationsspiele zum Aufstieg in die Kreisklasse A. Das erste Spiel dieser Aufstiegsrunde bestreitet unser Team am Sonntag, den 12.6. um 15 Uhr auf dem Gel\u00e4nde des SV Rippenweier gegen den Spvgg Ilvesheim 2. Je nach Ausgang dieses Spiels trifft man am 15.6. oder 19.6 auf den SC United Weinheim &nbsp;&nbsp;&nbsp;&nbsp;&nbsp;&nbsp;&nbsp;&nbsp;&nbsp;&nbsp;&nbsp;&nbsp;&nbsp;&nbsp;&nbsp;<\/p>\n","protected":false},"excerpt":{"rendered":"<p>Im letzten Heimspiel der Saison musste die zweite Mannschaft die \u00dcberlegenheit des ungeschlagenen Meisters und Aufsteigers in die Kreisklasse A, VfL Kurpfalz Neckarau 2, anerkennen und eine 2:6 (1:2) Niederlage hinnehmen Das Spiel begann f\u00fcr unser Team seht vielversprechend. Bereits in der 1. Minute konnte Nico Jehle ein Missverst\u00e4ndnis in der Neckarauer Abwehr zum 1:0&hellip;&nbsp;<a href=\"https:\/\/mfc08.de\/?p=5579\" rel=\"bookmark\">Weiterlesen &raquo;<span class=\"screen-reader-text\">MFC 08 Lindenhof 2 &#8211; VfL Kurpfalz Neckarau 2  2:6 (1:2)<\/span><\/a><\/p>\n","protected":false},"author":5,"featured_media":1473,"comment_status":"closed","ping_status":"closed","sticky":false,"template":"","format":"standard","meta":{"neve_meta_sidebar":"","neve_meta_container":"","neve_meta_enable_content_width":"","neve_meta_content_width":0,"neve_meta_title_alignment":"","neve_meta_author_avatar":"","neve_post_elements_order":"","neve_meta_disable_header":"","neve_meta_disable_footer":"","neve_meta_disable_title":"","_themeisle_gutenberg_block_has_review":false,"footnotes":""},"categories":[5],"tags":[],"class_list":["post-5579","post","type-post","status-publish","format-standard","has-post-thumbnail","hentry","category-2-mannschaft"],"_links":{"self":[{"href":"https:\/\/mfc08.de\/index.php?rest_route=\/wp\/v2\/posts\/5579","targetHints":{"allow":["GET"]}}],"collection":[{"href":"https:\/\/mfc08.de\/index.php?rest_route=\/wp\/v2\/posts"}],"about":[{"href":"https:\/\/mfc08.de\/index.php?rest_route=\/wp\/v2\/types\/post"}],"author":[{"embeddable":true,"href":"https:\/\/mfc08.de\/index.php?rest_route=\/wp\/v2\/users\/5"}],"replies":[{"embeddable":true,"href":"https:\/\/mfc08.de\/index.php?rest_route=%2Fwp%2Fv2%2Fcomments&post=5579"}],"version-history":[{"count":1,"href":"https:\/\/mfc08.de\/index.php?rest_route=\/wp\/v2\/posts\/5579\/revisions"}],"predecessor-version":[{"id":5580,"href":"https:\/\/mfc08.de\/index.php?rest_route=\/wp\/v2\/posts\/5579\/revisions\/5580"}],"wp:featuredmedia":[{"embeddable":true,"href":"https:\/\/mfc08.de\/index.php?rest_route=\/wp\/v2\/media\/1473"}],"wp:attachment":[{"href":"https:\/\/mfc08.de\/index.php?rest_route=%2Fwp%2Fv2%2Fmedia&parent=5579"}],"wp:term":[{"taxonomy":"category","embeddable":true,"href":"https:\/\/mfc08.de\/index.php?rest_route=%2Fwp%2Fv2%2Fcategories&post=5579"},{"taxonomy":"post_tag","embeddable":true,"href":"https:\/\/mfc08.de\/index.php?rest_route=%2Fwp%2Fv2%2Ftags&post=5579"}],"curies":[{"name":"wp","href":"https:\/\/api.w.org\/{rel}","templated":true}]}}