{"id":5581,"date":"2022-06-06T17:19:32","date_gmt":"2022-06-06T17:19:32","guid":{"rendered":"https:\/\/mfc08.de\/?p=5581"},"modified":"2022-06-06T17:19:34","modified_gmt":"2022-06-06T17:19:34","slug":"mfc-08-lindenhof-vfb-gartenstadt-01-01","status":"publish","type":"post","link":"https:\/\/mfc08.de\/?p=5581","title":{"rendered":"MFC 08 Lindenhof &#8211; VfB Gartenstadt 0:1 (0:1)"},"content":{"rendered":"\n<p>Mit einer 0:1 (0:1) Niederlage endete das letzte Saisonspiel der ersten Mannschaft gegen den VfB Gartenstadt, der sich durch diesen Sieg die Teilnahme an den Aufstiegsspielen zur Landesliga sicherte<\/p>\n\n\n\n<p>Die G\u00e4ste begannen gegen unsere stark ersatzgeschw\u00e4chte Mannschaft druckvoll und gingen auch fr\u00fch in F\u00fchrung. Bei einem Angriff sah ein Gartenst\u00e4dter Spieler, dass unser A-Jugend-Torwart Karl Geiser in seinem ersten Spiel f\u00fcr die erste Mannschaft weit vor seinem Tor stand und traf von kurz hinter der Mittellinie zum 1:0. Danach neutralisierten sich beide Mannschaften weitgehend, Torchancen blieben somit Mangelware. Erst in der Schlussphase hatten zun\u00e4chst die G\u00e4ste gute Chancen, doch einmal kl\u00e4rte Mathias Pfitzner kurz vor der Linie und zweimal zeigte sich Karl Geiser auf dem Posten. In der Nachspielzeit w\u00e4re unserem Team fast noch der Ausgleich gegl\u00fcckt, aber nach einem Freisto\u00df konnte der Gartenst\u00e4dter Torwart zun\u00e4chst den Schuss von Timo Staffeldt abwehren und auch den Nachschuss konnte er kurz vor der Linie noch entsch\u00e4rfen. Somit blieb es bis zum Schluss beim knappen, aber verdienten Sieg der G\u00e4ste<\/p>\n\n\n\n<p>Die Mannschaft schlie\u00dft die Saison somit mit 72 Punkten und einem Torverh\u00e4ltnis von 106:60 auf dem 4. Tabellenplatz ab, und erreichte somit das mit Abstand beste Ergebnis seit dem Wiederaufstieg in die Kreisliga<\/p>\n","protected":false},"excerpt":{"rendered":"<p>Mit einer 0:1 (0:1) Niederlage endete das letzte Saisonspiel der ersten Mannschaft gegen den VfB Gartenstadt, der sich durch diesen Sieg die Teilnahme an den Aufstiegsspielen zur Landesliga sicherte Die G\u00e4ste begannen gegen unsere stark ersatzgeschw\u00e4chte Mannschaft druckvoll und gingen auch fr\u00fch in F\u00fchrung. Bei einem Angriff sah ein Gartenst\u00e4dter Spieler, dass unser A-Jugend-Torwart Karl&hellip;&nbsp;<a href=\"https:\/\/mfc08.de\/?p=5581\" rel=\"bookmark\">Weiterlesen &raquo;<span class=\"screen-reader-text\">MFC 08 Lindenhof &#8211; VfB Gartenstadt 0:1 (0:1)<\/span><\/a><\/p>\n","protected":false},"author":5,"featured_media":4013,"comment_status":"closed","ping_status":"closed","sticky":false,"template":"","format":"standard","meta":{"neve_meta_sidebar":"","neve_meta_container":"","neve_meta_enable_content_width":"","neve_meta_content_width":0,"neve_meta_title_alignment":"","neve_meta_author_avatar":"","neve_post_elements_order":"","neve_meta_disable_header":"","neve_meta_disable_footer":"","neve_meta_disable_title":"","_themeisle_gutenberg_block_has_review":false,"footnotes":""},"categories":[3],"tags":[],"class_list":["post-5581","post","type-post","status-publish","format-standard","has-post-thumbnail","hentry","category-1-mannschaft"],"_links":{"self":[{"href":"https:\/\/mfc08.de\/index.php?rest_route=\/wp\/v2\/posts\/5581","targetHints":{"allow":["GET"]}}],"collection":[{"href":"https:\/\/mfc08.de\/index.php?rest_route=\/wp\/v2\/posts"}],"about":[{"href":"https:\/\/mfc08.de\/index.php?rest_route=\/wp\/v2\/types\/post"}],"author":[{"embeddable":true,"href":"https:\/\/mfc08.de\/index.php?rest_route=\/wp\/v2\/users\/5"}],"replies":[{"embeddable":true,"href":"https:\/\/mfc08.de\/index.php?rest_route=%2Fwp%2Fv2%2Fcomments&post=5581"}],"version-history":[{"count":1,"href":"https:\/\/mfc08.de\/index.php?rest_route=\/wp\/v2\/posts\/5581\/revisions"}],"predecessor-version":[{"id":5582,"href":"https:\/\/mfc08.de\/index.php?rest_route=\/wp\/v2\/posts\/5581\/revisions\/5582"}],"wp:featuredmedia":[{"embeddable":true,"href":"https:\/\/mfc08.de\/index.php?rest_route=\/wp\/v2\/media\/4013"}],"wp:attachment":[{"href":"https:\/\/mfc08.de\/index.php?rest_route=%2Fwp%2Fv2%2Fmedia&parent=5581"}],"wp:term":[{"taxonomy":"category","embeddable":true,"href":"https:\/\/mfc08.de\/index.php?rest_route=%2Fwp%2Fv2%2Fcategories&post=5581"},{"taxonomy":"post_tag","embeddable":true,"href":"https:\/\/mfc08.de\/index.php?rest_route=%2Fwp%2Fv2%2Ftags&post=5581"}],"curies":[{"name":"wp","href":"https:\/\/api.w.org\/{rel}","templated":true}]}}