{"id":5598,"date":"2022-06-10T16:01:57","date_gmt":"2022-06-10T16:01:57","guid":{"rendered":"https:\/\/mfc08.de\/?p=5598"},"modified":"2022-06-10T16:03:07","modified_gmt":"2022-06-10T16:03:07","slug":"relegationsspiele-der-zweiten-mannschaft-beginnen","status":"publish","type":"post","link":"https:\/\/mfc08.de\/?p=5598","title":{"rendered":"Relegationsspiele der zweiten Mannschaft beginnen"},"content":{"rendered":"\n<p>Die Relegationsrunde der 3 Kreisliga B Tabellenzweiten wurde jetzt vom Verband zeitgenau terminiert<\/p>\n\n\n\n<p><\/p>\n\n\n\n<p>Den Auftakt macht unsere zweite Mannschaft am Sonntag, den 12.6 um 15.00 Uhr gegen die Spvgg Ilvesheim 2 auf dem Gel\u00e4nde der SV Rippenweier<\/p>\n\n\n\n<p><\/p>\n\n\n\n<p>Die Reihenfolge der weiteren Spiele h\u00e4ngt dann vom Ausgang dieses Spiels ab.<\/p>\n\n\n\n<p>Bei einem Sieg unserer Elf w\u00fcrde am<\/p>\n\n\n\n<p>Mittwoch, den 15.6. um 19.30 die Spvgg Ilvesheim auf dem 08er auf den SC United Weinheim treffen und am Sonntag , dem 19.6. um 17.00 das dann entscheidende Spiel unserer Zweiten gegen SC United Weinheim in Ilvesheim stattfinden<\/p>\n\n\n\n<p><\/p>\n\n\n\n<p>Sollte unsere Team das Spiel nicht gewinnen ginge es am<\/p>\n\n\n\n<p>Mittwoch, den 15.6 um 19.30 in Ilvesheim gegen SC United Weinheim weiter und am Sonntag, den 19.6 um 17.00 tr\u00e4fen dann Spvgg Ilvesheim 2 und SC United Weinheim auf dem 08er aufeinander \u00a0\u00a0\u00a0<\/p>\n\n\n\n<p><\/p>\n\n\n\n<p>Die Mannschaft w\u00fcrde sich nat\u00fcrlich \u00fcber zahlreiche Unterst\u00fctzung der 08er in diesen Spielen freuen<\/p>\n\n\n\n<p><\/p>\n","protected":false},"excerpt":{"rendered":"<p>Die Relegationsrunde der 3 Kreisliga B Tabellenzweiten wurde jetzt vom Verband zeitgenau terminiert Den Auftakt macht unsere zweite Mannschaft am Sonntag, den 12.6 um 15.00 Uhr gegen die Spvgg Ilvesheim 2 auf dem Gel\u00e4nde der SV Rippenweier Die Reihenfolge der weiteren Spiele h\u00e4ngt dann vom Ausgang dieses Spiels ab. Bei einem Sieg unserer Elf w\u00fcrde&hellip;&nbsp;<a href=\"https:\/\/mfc08.de\/?p=5598\" rel=\"bookmark\">Weiterlesen &raquo;<span class=\"screen-reader-text\">Relegationsspiele der zweiten Mannschaft beginnen<\/span><\/a><\/p>\n","protected":false},"author":5,"featured_media":1473,"comment_status":"closed","ping_status":"closed","sticky":false,"template":"","format":"standard","meta":{"neve_meta_sidebar":"","neve_meta_container":"","neve_meta_enable_content_width":"","neve_meta_content_width":0,"neve_meta_title_alignment":"","neve_meta_author_avatar":"","neve_post_elements_order":"","neve_meta_disable_header":"","neve_meta_disable_footer":"","neve_meta_disable_title":"","_themeisle_gutenberg_block_has_review":false,"footnotes":""},"categories":[5],"tags":[],"class_list":["post-5598","post","type-post","status-publish","format-standard","has-post-thumbnail","hentry","category-2-mannschaft"],"_links":{"self":[{"href":"https:\/\/mfc08.de\/index.php?rest_route=\/wp\/v2\/posts\/5598","targetHints":{"allow":["GET"]}}],"collection":[{"href":"https:\/\/mfc08.de\/index.php?rest_route=\/wp\/v2\/posts"}],"about":[{"href":"https:\/\/mfc08.de\/index.php?rest_route=\/wp\/v2\/types\/post"}],"author":[{"embeddable":true,"href":"https:\/\/mfc08.de\/index.php?rest_route=\/wp\/v2\/users\/5"}],"replies":[{"embeddable":true,"href":"https:\/\/mfc08.de\/index.php?rest_route=%2Fwp%2Fv2%2Fcomments&post=5598"}],"version-history":[{"count":2,"href":"https:\/\/mfc08.de\/index.php?rest_route=\/wp\/v2\/posts\/5598\/revisions"}],"predecessor-version":[{"id":5600,"href":"https:\/\/mfc08.de\/index.php?rest_route=\/wp\/v2\/posts\/5598\/revisions\/5600"}],"wp:featuredmedia":[{"embeddable":true,"href":"https:\/\/mfc08.de\/index.php?rest_route=\/wp\/v2\/media\/1473"}],"wp:attachment":[{"href":"https:\/\/mfc08.de\/index.php?rest_route=%2Fwp%2Fv2%2Fmedia&parent=5598"}],"wp:term":[{"taxonomy":"category","embeddable":true,"href":"https:\/\/mfc08.de\/index.php?rest_route=%2Fwp%2Fv2%2Fcategories&post=5598"},{"taxonomy":"post_tag","embeddable":true,"href":"https:\/\/mfc08.de\/index.php?rest_route=%2Fwp%2Fv2%2Ftags&post=5598"}],"curies":[{"name":"wp","href":"https:\/\/api.w.org\/{rel}","templated":true}]}}