{"id":5666,"date":"2022-07-06T19:44:13","date_gmt":"2022-07-06T19:44:13","guid":{"rendered":"https:\/\/mfc08.de\/?p=5666"},"modified":"2022-07-06T19:44:14","modified_gmt":"2022-07-06T19:44:14","slug":"sommerfest-auf-dem-08-er","status":"publish","type":"post","link":"https:\/\/mfc08.de\/?p=5666","title":{"rendered":"Sommerfest auf dem 08 er\u00a0"},"content":{"rendered":"\n<p>Das Sommerfest war f\u00fcr unsere Mitglieder und G\u00e4ste von Jung bis Alt ein gelungener Abschluss der Saison 2021 \/ 2022.&nbsp;<\/p>\n\n\n\n<p>Das Highlight war sicher die Fu\u00dfball Dartscheibe, an der den ganzen Tag \u00fcber eine Schlange von begeisterten&nbsp;Kindern zu sehen war. Die Sieger jeder Altersklasse d\u00fcrfen sich \u00fcber ein MFC 08 T-Shirt freuen, das ihnen nach der Individuellen Bedruckung noch \u00fcberreicht&nbsp;wird.&nbsp;<\/p>\n\n\n\n<p>Besonders freuen wir uns \u00fcber die neuen Mitglieder des F\u00f6rdervereines, die beim Sommerfest ihre Mitgliedschaft unterzeichnet haben. Zusammen mit dem Verkaufserl\u00f6s des Flohmarktes konnte der F\u00f6rderverein ein Plus verbuchen, welcher&nbsp;der Jugendarbeit zugutekommt.&nbsp;<\/p>\n\n\n\n<p>Auf ein neues Sommerfest 2023.&nbsp;<\/p>\n","protected":false},"excerpt":{"rendered":"<p>Das Sommerfest war f\u00fcr unsere Mitglieder und G\u00e4ste von Jung bis Alt ein gelungener Abschluss der Saison 2021 \/ 2022.&nbsp; Das Highlight war sicher die Fu\u00dfball Dartscheibe, an der den ganzen Tag \u00fcber eine Schlange von begeisterten&nbsp;Kindern zu sehen war. Die Sieger jeder Altersklasse d\u00fcrfen sich \u00fcber ein MFC 08 T-Shirt freuen, das ihnen nach&hellip;&nbsp;<a href=\"https:\/\/mfc08.de\/?p=5666\" rel=\"bookmark\">Weiterlesen &raquo;<span class=\"screen-reader-text\">Sommerfest auf dem 08 er\u00a0<\/span><\/a><\/p>\n","protected":false},"author":9,"featured_media":5669,"comment_status":"closed","ping_status":"closed","sticky":false,"template":"","format":"standard","meta":{"neve_meta_sidebar":"","neve_meta_container":"","neve_meta_enable_content_width":"","neve_meta_content_width":0,"neve_meta_title_alignment":"","neve_meta_author_avatar":"","neve_post_elements_order":"","neve_meta_disable_header":"","neve_meta_disable_footer":"","neve_meta_disable_title":"","_themeisle_gutenberg_block_has_review":false,"footnotes":""},"categories":[11,1],"tags":[],"class_list":["post-5666","post","type-post","status-publish","format-standard","has-post-thumbnail","hentry","category-jugend","category-uncategorized"],"_links":{"self":[{"href":"https:\/\/mfc08.de\/index.php?rest_route=\/wp\/v2\/posts\/5666","targetHints":{"allow":["GET"]}}],"collection":[{"href":"https:\/\/mfc08.de\/index.php?rest_route=\/wp\/v2\/posts"}],"about":[{"href":"https:\/\/mfc08.de\/index.php?rest_route=\/wp\/v2\/types\/post"}],"author":[{"embeddable":true,"href":"https:\/\/mfc08.de\/index.php?rest_route=\/wp\/v2\/users\/9"}],"replies":[{"embeddable":true,"href":"https:\/\/mfc08.de\/index.php?rest_route=%2Fwp%2Fv2%2Fcomments&post=5666"}],"version-history":[{"count":1,"href":"https:\/\/mfc08.de\/index.php?rest_route=\/wp\/v2\/posts\/5666\/revisions"}],"predecessor-version":[{"id":5668,"href":"https:\/\/mfc08.de\/index.php?rest_route=\/wp\/v2\/posts\/5666\/revisions\/5668"}],"wp:featuredmedia":[{"embeddable":true,"href":"https:\/\/mfc08.de\/index.php?rest_route=\/wp\/v2\/media\/5669"}],"wp:attachment":[{"href":"https:\/\/mfc08.de\/index.php?rest_route=%2Fwp%2Fv2%2Fmedia&parent=5666"}],"wp:term":[{"taxonomy":"category","embeddable":true,"href":"https:\/\/mfc08.de\/index.php?rest_route=%2Fwp%2Fv2%2Fcategories&post=5666"},{"taxonomy":"post_tag","embeddable":true,"href":"https:\/\/mfc08.de\/index.php?rest_route=%2Fwp%2Fv2%2Ftags&post=5666"}],"curies":[{"name":"wp","href":"https:\/\/api.w.org\/{rel}","templated":true}]}}