{"id":5697,"date":"2022-07-08T18:34:33","date_gmt":"2022-07-08T18:34:33","guid":{"rendered":"https:\/\/mfc08.de\/?p=5697"},"modified":"2022-08-08T19:14:49","modified_gmt":"2022-08-08T19:14:49","slug":"der-ball-rollt-wieder-2","status":"publish","type":"post","link":"https:\/\/mfc08.de\/?p=5697","title":{"rendered":"Der Ball rollt wieder"},"content":{"rendered":"\n<p>F\u00fcr die beiden aktiven Mannschaften ist die Sommerpause vorbei. Am Sonntag, den 10.7 bzw. Dienstag, den 12.7 startet die Vorbereitung auf die Saison 22\/23<\/p>\n\n\n\n<p>Im Kader der ersten Mannschaften gab es erneut einige \u00c4nderungen.<\/p>\n\n\n\n<p>Mit Lucas Neuhof (SV Unterflockenbach) und Patrick Piontek (VfL Kurpfalz Neckarau) kehren 2 Spieler zur\u00fcck, die einst in unserer Jugend anfingen und in den letzten Jahren in h\u00f6heren Klassen unterwegs waren. Patrick Szarka und Tim Diederichs kommen vom FV Br\u00fchl und bringen ebenso reichlich Landesliga-Erfahrung mit, wie die Br\u00fcder Nemanja und Aleksandar Markovic, die vom FK Srbija Markovic zu uns stossen und Paul Stro, der zuletzt beim SV 98\/07 Seckenheim aktiv war. Au\u00dferdem konnten mit Daniel Gamero Gonzales (SC Pfingstberg), Metehan Durmus (FC T\u00fcrkspor), Dennis Leuze (TSG Weinheim 2) und Eric Lutz (VfL Kurpfalz Neckarau A-Jugend) junge Spieler hinzugewonnen werden. Aus der eigenen Jugend stossen Karl Geiser und Moritz Miller zum Kader.<\/p>\n\n\n\n<p>Ihre aktiven Karrieren beendet haben unser langj\u00e4hriger Kapit\u00e4n Christian Bauer (wechselt zur PM), Timo Staffeldt, Marcel Jehle (wechselt als Torwart-Trainer in den Trainerstab) und auch unser Trainer Patrick Heinzelmann wird nicht mehr selbst spielen, sondern sich ganz auf seine Trainer-T\u00e4tigkeit konzentrieren. Daniel Launay wechselt aus privaten Gr\u00fcnden zur\u00fcck nach Waibstadt und Oliver Schlick steht auf Grund eines Auslandsemesters ab September nicht mehr zur Verf\u00fcgung. &nbsp;&nbsp;&nbsp;&nbsp;<\/p>\n\n\n\n<p>Wir sind sehr optimistisch, dass wir auch mit diesem neuen Kader an die sehr gute Vorsaison ankn\u00fcpfen k\u00f6nnen und erneut um die vorderen Pl\u00e4tze mitspielen werden<\/p>\n\n\n\n<p>   <\/p>\n\n\n\n<p>Bedingt durch die Relegationsspiele ziemlich kurz war die Pause f\u00fcr die zweite Mannschaft,<\/p>\n\n\n\n<p>Die wichtigste \u00c4nderung hier gab es auf der Trainer-Position. Der Aufstiegs-Trainer Manuel S\u00e4lzler wechselt zum TSV Neckarau und sein Co-Trainer Jonas Siebner kann dieses Amt aus beruflichen Gr\u00fcnden nicht mehr aus\u00fcben. Benjamin Ahsmann wird die Mannschaft als Trainer \u00fcbernehmen. Er kommt vom VfL Kurpalz-Neckarau zu uns. Er war dort l\u00e4ngere Zeit u.a. als Co-Trainer der 2 Mannschaft, sowie Trainer der PM und der 3. Mannschaft aktiv. Unterst\u00fctzt wird er von Max Smuda, der mit ihm vom VfL Kurpfalz Neckarau kommt.<\/p>\n\n\n\n<p>Mit Bennyamin Zimmer, Christopher Sauer und Jonas Koch kommen ausserdem noch 3 Spieler mit. Nicht mehr zur Verf\u00fcgung stehen werden die beiden Routiniers Thorsten Rei\u00df und Amine Ghebreselasie.<\/p>\n\n\n\n<p>Das klare Saisonziel hier ist der Klassenerhalt und wir sind guter Dinge, dass dieses Ziel auch erreicht wird<\/p>\n\n\n\n<p>  <\/p>\n\n\n\n<p>Bislang wurden folgende Vorbereitungsspiele vereinbart<\/p>\n\n\n\n<p><\/p>\n\n\n\n<p>Sonntag 17.07.22 17.00 Uhr MFC 08 Lindenhof -ASV Neuenheim 2      3:2<\/p>\n\n\n\n<p>Mittwoch 20.07.22 19.00 Uhr SC K\u00e4fertal &#8211; MFC 08 Lindenhof               2:1 <\/p>\n\n\n\n<p>Sonntag 24.07.22 12.00 Uhr MFC 08 Lindenhof &#8211; TSV Wieblingen         5:3 <\/p>\n\n\n\n<p>Sonntag 31.07.22 14.00 Uhr SG Hohensachsen &#8211; MFC 08 Lindenhof Pokal   1:4   <\/p>\n\n\n\n<p>Sonntag 07.08.22 14.00 Uhr SC Blumenau &#8211; MFC 08 Lindenhof Pokal   0:6 <\/p>\n\n\n\n<p>  <\/p>\n\n\n\n<p><\/p>\n\n\n\n<p>Freitag 15.07.22 19.30 Uhr MFC 08 Lindenhof 2 &#8211; SV Olympia 1915 Biebesheim 2&nbsp; 3:1<\/p>\n\n\n\n<p>Sonntag 24.07.22 13.00 Uhr Polizei SV Mannheim &#8211; MFC 08 Lindenhof 2                3:3<\/p>\n\n\n\n<p>Sonntag 31.07.22 14.00 Uhr ESC Blau-Wei\u00df Mannheim &#8211; MFC 08 Lindenhof 2 Pokal   3:1<\/p>\n\n\n\n<p>Sonntag 07.08.22 13.00 Uhr MFC 08 Lindenhof 2 &#8211; TSV Handschuhsheim              4:1<\/p>\n\n\n\n<p>Sonntag 14.08.22 13.00 Uhr MFC 08 Lindenhof 2 &#8211; TB Rohrbach<\/p>\n","protected":false},"excerpt":{"rendered":"<p>F\u00fcr die beiden aktiven Mannschaften ist die Sommerpause vorbei. Am Sonntag, den 10.7 bzw. Dienstag, den 12.7 startet die Vorbereitung auf die Saison 22\/23 Im Kader der ersten Mannschaften gab es erneut einige \u00c4nderungen. Mit Lucas Neuhof (SV Unterflockenbach) und Patrick Piontek (VfL Kurpfalz Neckarau) kehren 2 Spieler zur\u00fcck, die einst in unserer Jugend anfingen&hellip;&nbsp;<a href=\"https:\/\/mfc08.de\/?p=5697\" rel=\"bookmark\">Weiterlesen &raquo;<span class=\"screen-reader-text\">Der Ball rollt wieder<\/span><\/a><\/p>\n","protected":false},"author":5,"featured_media":2162,"comment_status":"closed","ping_status":"closed","sticky":false,"template":"","format":"standard","meta":{"neve_meta_sidebar":"","neve_meta_container":"","neve_meta_enable_content_width":"","neve_meta_content_width":0,"neve_meta_title_alignment":"","neve_meta_author_avatar":"","neve_post_elements_order":"","neve_meta_disable_header":"","neve_meta_disable_footer":"","neve_meta_disable_title":"","_themeisle_gutenberg_block_has_review":false,"footnotes":""},"categories":[3,5],"tags":[],"class_list":["post-5697","post","type-post","status-publish","format-standard","has-post-thumbnail","hentry","category-1-mannschaft","category-2-mannschaft"],"_links":{"self":[{"href":"https:\/\/mfc08.de\/index.php?rest_route=\/wp\/v2\/posts\/5697","targetHints":{"allow":["GET"]}}],"collection":[{"href":"https:\/\/mfc08.de\/index.php?rest_route=\/wp\/v2\/posts"}],"about":[{"href":"https:\/\/mfc08.de\/index.php?rest_route=\/wp\/v2\/types\/post"}],"author":[{"embeddable":true,"href":"https:\/\/mfc08.de\/index.php?rest_route=\/wp\/v2\/users\/5"}],"replies":[{"embeddable":true,"href":"https:\/\/mfc08.de\/index.php?rest_route=%2Fwp%2Fv2%2Fcomments&post=5697"}],"version-history":[{"count":5,"href":"https:\/\/mfc08.de\/index.php?rest_route=\/wp\/v2\/posts\/5697\/revisions"}],"predecessor-version":[{"id":5798,"href":"https:\/\/mfc08.de\/index.php?rest_route=\/wp\/v2\/posts\/5697\/revisions\/5798"}],"wp:featuredmedia":[{"embeddable":true,"href":"https:\/\/mfc08.de\/index.php?rest_route=\/wp\/v2\/media\/2162"}],"wp:attachment":[{"href":"https:\/\/mfc08.de\/index.php?rest_route=%2Fwp%2Fv2%2Fmedia&parent=5697"}],"wp:term":[{"taxonomy":"category","embeddable":true,"href":"https:\/\/mfc08.de\/index.php?rest_route=%2Fwp%2Fv2%2Fcategories&post=5697"},{"taxonomy":"post_tag","embeddable":true,"href":"https:\/\/mfc08.de\/index.php?rest_route=%2Fwp%2Fv2%2Ftags&post=5697"}],"curies":[{"name":"wp","href":"https:\/\/api.w.org\/{rel}","templated":true}]}}