{"id":5819,"date":"2022-08-14T19:20:36","date_gmt":"2022-08-14T19:20:36","guid":{"rendered":"https:\/\/mfc08.de\/?p=5819"},"modified":"2022-08-14T19:20:39","modified_gmt":"2022-08-14T19:20:39","slug":"skv-sandhofen-mfc-08-lindenhof-24-12","status":"publish","type":"post","link":"https:\/\/mfc08.de\/?p=5819","title":{"rendered":"SKV Sandhofen &#8211; MFC 08 Lindenhof 2:4 (1:2)"},"content":{"rendered":"\n<p>Mit einem verdienten 4:2 (2:1) beim starken Aufsteiger SKV Sandhofen feierte die erste Mannschaft einen gelungenen Einstand in die neue Kreisliga-Saison<\/p>\n\n\n\n<p>Das Spiel begann denkbar gut f\u00fcr unsere Elf, den schon nach wenigen Minuten gelang die fr\u00fche F\u00fchrung. Bei einem eigentlich harmlosen Ball in den Sandhofer Strafraum behinderten sich der Torwart und ein Abwehrspieler gegenseitig, brachten den Ball somit nicht unter Kontrolle und am Ende musste Yusuf Demirci nur noch aus kurzer Distanz ins leere Tor einschieben. Danach entwickelte sich ein Spiel auf Augenh\u00f6he, in dem aber beide Mannschaften defensiv kaum etwas zulie\u00dfen. Auch beim zweiten Treffer profitierte man dann von einem Fehler der Gastgeber. Yusuf Demirci kam nach einem Fehlpass im Strafraum an den Ball und vollstreckte frei vor dem Keeper sicher zum 2:0. Kurz danach bot sich dann eine weitere gute Chance die F\u00fchrung auszubauen. Wegen Meckerns eines Sandhofener Spielers gab es einen indirekten Freisto\u00df den Felix Schreckenberger leider direkt verwandelte. Statt dessen kam Sandhofen wenig sp\u00e4ter zum Anschlusstreffer. Nach einer Flanke traf ein Sandhofer St\u00fcrmer per Kopf zum 1:2. Mit diesem Ergebnis ging es auch in die Pause. Auch nach dem Wechsel zun\u00e4chst ein ausgeglichenes Spiel, Nach einer Stunde bekam ein Sandhofener Spiel den Ball im Strafraum aus kurzer Distanz an dem Arm und der Schiedsrichter entschied auf Elfmeter. Doch bevor dieser ausgef\u00fchrt wurde muss wohl ein Zuschauer etwas in Richtung Linienrichter gesagt haben, so dass zun\u00e4chst sogar ein Abbruch des Spiels im Raum stand und das Spiel f\u00fcr insgesamt fast 20 Minuten unterbrochen war. Yusuf Demirci lie\u00df sich von der Verz\u00f6gerung nicht aus der Ruhe bringen und verwandelte den Elfmeter souver\u00e4n zum 3:1. Jetzt kontrollierte unser Team die Partie und erspielte sich einige Chancen das Spiel vorzeitig zu entscheiden. So setzte Felix Schreckenberger den Ball nach feinem Zuspiel vom Yusuf Demirci v\u00f6llig frei deutlich \u00fcber das Tor, einen weiteren Schuss von Feix Schreckenberger wehrte der Sandhofer Torwart zur Ecke ab und nach einem Eckball setzte Nemanja Markovic den Ball aus aussichtsreicher Position knapp neben das Tor. Kevin Heck war es dann, der nach einem feinen Doppelpass mit Patrick Piontek mit einem satten Schuss von der Strafraumgrenze auf 4:1 erh\u00f6hte, womit das Spiel entschieden war. Kurz vor Schluss noch eine gute Chance, aber Moritz Miller scheiterte am gut reagierenden Torwart und den Abpraller setzte Yusuf Demirci per Kopf knapp \u00fcber das Tor. Kurz vor Spielende kamen die Gastgeber noch zu einem weiteren Treffer. Einen Kopfball nach einer Ecke konnte Lucas Neuhof im Tor noch abwehren, aber im Nachschuss traf ein St\u00fcrmer zum Endstand von 2:4<\/p>\n\n\n\n<p>Bereits am Mittwoch (19.30 Uhr) steht das n\u00e4chste Spiel auf dem Programm. Mit der TSG L\u00fctzelsachsen kommt einer der Absteiger aus der Landesliga auf den 08er, der sicher auch zu den Favoriten zu z\u00e4hlen ist &nbsp;&nbsp;&nbsp;&nbsp;&nbsp;&nbsp;&nbsp;&nbsp;&nbsp;&nbsp;&nbsp;&nbsp;&nbsp;&nbsp;&nbsp;<\/p>\n","protected":false},"excerpt":{"rendered":"<p>Mit einem verdienten 4:2 (2:1) beim starken Aufsteiger SKV Sandhofen feierte die erste Mannschaft einen gelungenen Einstand in die neue Kreisliga-Saison Das Spiel begann denkbar gut f\u00fcr unsere Elf, den schon nach wenigen Minuten gelang die fr\u00fche F\u00fchrung. Bei einem eigentlich harmlosen Ball in den Sandhofer Strafraum behinderten sich der Torwart und ein Abwehrspieler gegenseitig,&hellip;&nbsp;<a href=\"https:\/\/mfc08.de\/?p=5819\" rel=\"bookmark\">Weiterlesen &raquo;<span class=\"screen-reader-text\">SKV Sandhofen &#8211; MFC 08 Lindenhof 2:4 (1:2)<\/span><\/a><\/p>\n","protected":false},"author":5,"featured_media":4689,"comment_status":"closed","ping_status":"closed","sticky":false,"template":"","format":"standard","meta":{"neve_meta_sidebar":"","neve_meta_container":"","neve_meta_enable_content_width":"","neve_meta_content_width":0,"neve_meta_title_alignment":"","neve_meta_author_avatar":"","neve_post_elements_order":"","neve_meta_disable_header":"","neve_meta_disable_footer":"","neve_meta_disable_title":"","_themeisle_gutenberg_block_has_review":false,"footnotes":""},"categories":[3],"tags":[],"class_list":["post-5819","post","type-post","status-publish","format-standard","has-post-thumbnail","hentry","category-1-mannschaft"],"_links":{"self":[{"href":"https:\/\/mfc08.de\/index.php?rest_route=\/wp\/v2\/posts\/5819","targetHints":{"allow":["GET"]}}],"collection":[{"href":"https:\/\/mfc08.de\/index.php?rest_route=\/wp\/v2\/posts"}],"about":[{"href":"https:\/\/mfc08.de\/index.php?rest_route=\/wp\/v2\/types\/post"}],"author":[{"embeddable":true,"href":"https:\/\/mfc08.de\/index.php?rest_route=\/wp\/v2\/users\/5"}],"replies":[{"embeddable":true,"href":"https:\/\/mfc08.de\/index.php?rest_route=%2Fwp%2Fv2%2Fcomments&post=5819"}],"version-history":[{"count":1,"href":"https:\/\/mfc08.de\/index.php?rest_route=\/wp\/v2\/posts\/5819\/revisions"}],"predecessor-version":[{"id":5820,"href":"https:\/\/mfc08.de\/index.php?rest_route=\/wp\/v2\/posts\/5819\/revisions\/5820"}],"wp:featuredmedia":[{"embeddable":true,"href":"https:\/\/mfc08.de\/index.php?rest_route=\/wp\/v2\/media\/4689"}],"wp:attachment":[{"href":"https:\/\/mfc08.de\/index.php?rest_route=%2Fwp%2Fv2%2Fmedia&parent=5819"}],"wp:term":[{"taxonomy":"category","embeddable":true,"href":"https:\/\/mfc08.de\/index.php?rest_route=%2Fwp%2Fv2%2Fcategories&post=5819"},{"taxonomy":"post_tag","embeddable":true,"href":"https:\/\/mfc08.de\/index.php?rest_route=%2Fwp%2Fv2%2Ftags&post=5819"}],"curies":[{"name":"wp","href":"https:\/\/api.w.org\/{rel}","templated":true}]}}