{"id":5844,"date":"2022-09-04T20:07:23","date_gmt":"2022-09-04T20:07:23","guid":{"rendered":"https:\/\/mfc08.de\/?p=5844"},"modified":"2022-09-04T20:07:26","modified_gmt":"2022-09-04T20:07:26","slug":"spvgg-wallstadt-mfc-08-lindenhof-10-00","status":"publish","type":"post","link":"https:\/\/mfc08.de\/?p=5844","title":{"rendered":"Spvgg Wallstadt &#8211; MFC 08 Lindenhof 1:0 (0:0)"},"content":{"rendered":"\n<p>Nach der bislang schw\u00e4chsten Saisonleistung musste die erste Mannschaft, auf Grund eines unn\u00f6tigen Gegentreffers in der Nachspielzeit, bei der Spvgg Wallstadt mit 0:1 (0:0) die erste Saison-Niederlage hinnehmen &nbsp;&nbsp;&nbsp;&nbsp;&nbsp;&nbsp;&nbsp;&nbsp;&nbsp;<\/p>\n\n\n\n<p>Die Mannschaft begann druckvoll und hatte das Spiel zun\u00e4chst unter Kontrolle, au\u00dfer zwei Kopfb\u00e4llen von Ivan Vlaho und Aleksandar Markovic konnte man aber keine Torgefahr erzeugen. Mit zunehmender Spieldauer verflachte die Partie immer mehr, beide Teams neutralisierten sich im Mittelfeld, Torraumszenen gab es eigentlich keine. Kurz vor der Pause kamen dann auch die Gastgeber erstmals zum Abschluss, ein Schuss verfehlte das Ziel aber knapp. Auch in der zweiten Halbzeit \u00e4nderte sich nichts am Spielgeschehen. Das Spiel blieb auf \u00e4u\u00dferst m\u00e4\u00dfigem Niveau und eigentlich hatte keine Mannschaft den Sieg verdient. Erst in den Schlussminuten kam noch einmal Gefahr auf. Zun\u00e4chst musste Maurice K\u00fchnl bei einem Schuss der Gastgeber auf der Linie kl\u00e4ren. Kurz danach setzte sich Felix Schreckenberger gut durch, legte auf Kevin Heck ab, doch dessen Schuss war zu zentral und konnte daher vom Wallst\u00e4dter Torh\u00fcter pariert werden. In der letzten Minute der Nachspielzeit schlugen die Gastgeber noch einmal eine eigentlich harmlose Flanke in den Strafraum, doch Lucas Neuhof lenkte diese ungl\u00fccklich einem Wallst\u00e4dter St\u00fcrmer genau vor die F\u00fc\u00dfe, der zum entscheidenden Treffer ins leere Tor traf &nbsp;&nbsp;&nbsp;&nbsp;&nbsp;<\/p>\n\n\n\n<p>Am Mittwoch steht das Pokalspiel der 3. Runde beim A-Ligisten SV Laudenbach auf dem Programm, am Sonntag kommt zum n\u00e4chsten Punktspiel die TSG Eintracht Plankstadt auf den 08er &nbsp;&nbsp;&nbsp;&nbsp;&nbsp;&nbsp;&nbsp;<\/p>\n","protected":false},"excerpt":{"rendered":"<p>Nach der bislang schw\u00e4chsten Saisonleistung musste die erste Mannschaft, auf Grund eines unn\u00f6tigen Gegentreffers in der Nachspielzeit, bei der Spvgg Wallstadt mit 0:1 (0:0) die erste Saison-Niederlage hinnehmen &nbsp;&nbsp;&nbsp;&nbsp;&nbsp;&nbsp;&nbsp;&nbsp;&nbsp; Die Mannschaft begann druckvoll und hatte das Spiel zun\u00e4chst unter Kontrolle, au\u00dfer zwei Kopfb\u00e4llen von Ivan Vlaho und Aleksandar Markovic konnte man aber keine Torgefahr erzeugen.&hellip;&nbsp;<a href=\"https:\/\/mfc08.de\/?p=5844\" rel=\"bookmark\">Weiterlesen &raquo;<span class=\"screen-reader-text\">Spvgg Wallstadt &#8211; MFC 08 Lindenhof 1:0 (0:0)<\/span><\/a><\/p>\n","protected":false},"author":5,"featured_media":4689,"comment_status":"closed","ping_status":"closed","sticky":false,"template":"","format":"standard","meta":{"neve_meta_sidebar":"","neve_meta_container":"","neve_meta_enable_content_width":"","neve_meta_content_width":0,"neve_meta_title_alignment":"","neve_meta_author_avatar":"","neve_post_elements_order":"","neve_meta_disable_header":"","neve_meta_disable_footer":"","neve_meta_disable_title":"","_themeisle_gutenberg_block_has_review":false,"footnotes":""},"categories":[3],"tags":[],"class_list":["post-5844","post","type-post","status-publish","format-standard","has-post-thumbnail","hentry","category-1-mannschaft"],"_links":{"self":[{"href":"https:\/\/mfc08.de\/index.php?rest_route=\/wp\/v2\/posts\/5844","targetHints":{"allow":["GET"]}}],"collection":[{"href":"https:\/\/mfc08.de\/index.php?rest_route=\/wp\/v2\/posts"}],"about":[{"href":"https:\/\/mfc08.de\/index.php?rest_route=\/wp\/v2\/types\/post"}],"author":[{"embeddable":true,"href":"https:\/\/mfc08.de\/index.php?rest_route=\/wp\/v2\/users\/5"}],"replies":[{"embeddable":true,"href":"https:\/\/mfc08.de\/index.php?rest_route=%2Fwp%2Fv2%2Fcomments&post=5844"}],"version-history":[{"count":1,"href":"https:\/\/mfc08.de\/index.php?rest_route=\/wp\/v2\/posts\/5844\/revisions"}],"predecessor-version":[{"id":5845,"href":"https:\/\/mfc08.de\/index.php?rest_route=\/wp\/v2\/posts\/5844\/revisions\/5845"}],"wp:featuredmedia":[{"embeddable":true,"href":"https:\/\/mfc08.de\/index.php?rest_route=\/wp\/v2\/media\/4689"}],"wp:attachment":[{"href":"https:\/\/mfc08.de\/index.php?rest_route=%2Fwp%2Fv2%2Fmedia&parent=5844"}],"wp:term":[{"taxonomy":"category","embeddable":true,"href":"https:\/\/mfc08.de\/index.php?rest_route=%2Fwp%2Fv2%2Fcategories&post=5844"},{"taxonomy":"post_tag","embeddable":true,"href":"https:\/\/mfc08.de\/index.php?rest_route=%2Fwp%2Fv2%2Ftags&post=5844"}],"curies":[{"name":"wp","href":"https:\/\/api.w.org\/{rel}","templated":true}]}}