{"id":5915,"date":"2022-09-11T20:14:08","date_gmt":"2022-09-11T20:14:08","guid":{"rendered":"https:\/\/mfc08.de\/?p=5915"},"modified":"2022-09-11T20:14:09","modified_gmt":"2022-09-11T20:14:09","slug":"mfc-08-lindenhof-2-sv-98-07-seckenheim-34-23","status":"publish","type":"post","link":"https:\/\/mfc08.de\/?p=5915","title":{"rendered":"MFC 08 Lindenhof 2 &#8211; SV 98\/07 Seckenheim 3:4 (2:3)"},"content":{"rendered":"\n<p>Auch das 4. Saisonspiel ging f\u00fcr die zweite Mannschaft gegen den SV 98\/07 Seckenheim mit 3:4 (2:3) verloren<\/p>\n\n\n\n<p>Das Spiel begann denkbar schlecht f\u00fcr unsere Elf. Bereits nach wenigen Minuten wollte Janis Tieck einen eigentlich harmlosen Ball auf Mak Doy im Tor zur\u00fcckspielen, doch dieser kam aus seinem Tor um den Ball selbst aufzunehmen. Und so rollte der Ball an ihm vorbei zum 0:1 ins Netz. Aber die Mannschaft reagierte gut. Nur kurz darauf brachte der Seckenheimer Torwart Nico Jehle zu Fall und Mathias Roesinger verwandelte den f\u00e4lligen Elfmeter zum Ausgleich. Und wieder nur wenig sp\u00e4ter hatte Moritz Miller die Chance zur F\u00fchrung, er scheiterte jedoch am gegnerischen Torwart. In der Folgezeit erspielten sich die G\u00e4ste ein leichtes \u00dcbergewicht und kamen auch zu einigen Chancen. Und nach einem Fehlpass am eigenen Strafraum nutzten die G\u00e4ste die Chance zur erneuten F\u00fchrung. Aber wieder nur kurz danach konnte Tomislav Martinovic den Ausgleich erzielen. Dieses Ergebnis sollte aber auch nicht lange Bestand haben. Mark Doy brachte einen Seckenheimer St\u00fcrmer zu Fall, und \u00a0auch die G\u00e4ste konnten den f\u00e4lligen Elfmeter zur 3:2 Halbzeitf\u00fchrung verwandeln. Die zweite Halbzeit begann dann optimal f\u00fcr unser Team. Tomislav Martinovic konnte sich \u00fcber aussen durchsetzen, seine Hereingabe landete bei Nico Jehle und der schlenzte den Ball gekonnt zum erneuten Ausgleich ins lange Eck. Danach das Team vor\u00fcbergehend etwas \u00fcberlegen, doch klare Chancen konnte man sich nicht erspielen. Mit zunehmender Spielzeit wurde das Spiel dann wieder offener und Mitte der 2. Halbzeit gelang Seckenheim zum 4. Mal die F\u00fchrung. Unsere Elf versuchte zwar bis zum Schluss alles um die 4. Niederlage abzuwenden, aber als der Seckenheimer Torwart kurz vor Schluss noch einen Schuss aus kurzer Distanz parieren konnte, war diese dann doch besiegelt. Man hat zwar erneut bewiesen, dass man durchaus in der Klasse mithalten kann, aber steht doch wieder ohne Punkte da<\/p>\n\n\n\n<p>N\u00e4chste Woche gibt es im Ausw\u00e4rtsspiel beim FK Bosna Mannheim die n\u00e4chste Chance auf die ersten Punkte<\/p>\n","protected":false},"excerpt":{"rendered":"<p>Auch das 4. Saisonspiel ging f\u00fcr die zweite Mannschaft gegen den SV 98\/07 Seckenheim mit 3:4 (2:3) verloren Das Spiel begann denkbar schlecht f\u00fcr unsere Elf. Bereits nach wenigen Minuten wollte Janis Tieck einen eigentlich harmlosen Ball auf Mak Doy im Tor zur\u00fcckspielen, doch dieser kam aus seinem Tor um den Ball selbst aufzunehmen. Und&hellip;&nbsp;<a href=\"https:\/\/mfc08.de\/?p=5915\" rel=\"bookmark\">Weiterlesen &raquo;<span class=\"screen-reader-text\">MFC 08 Lindenhof 2 &#8211; SV 98\/07 Seckenheim 3:4 (2:3)<\/span><\/a><\/p>\n","protected":false},"author":5,"featured_media":5734,"comment_status":"closed","ping_status":"closed","sticky":false,"template":"","format":"standard","meta":{"neve_meta_sidebar":"","neve_meta_container":"","neve_meta_enable_content_width":"","neve_meta_content_width":0,"neve_meta_title_alignment":"","neve_meta_author_avatar":"","neve_post_elements_order":"","neve_meta_disable_header":"","neve_meta_disable_footer":"","neve_meta_disable_title":"","_themeisle_gutenberg_block_has_review":false,"footnotes":""},"categories":[5],"tags":[],"class_list":["post-5915","post","type-post","status-publish","format-standard","has-post-thumbnail","hentry","category-2-mannschaft"],"_links":{"self":[{"href":"https:\/\/mfc08.de\/index.php?rest_route=\/wp\/v2\/posts\/5915","targetHints":{"allow":["GET"]}}],"collection":[{"href":"https:\/\/mfc08.de\/index.php?rest_route=\/wp\/v2\/posts"}],"about":[{"href":"https:\/\/mfc08.de\/index.php?rest_route=\/wp\/v2\/types\/post"}],"author":[{"embeddable":true,"href":"https:\/\/mfc08.de\/index.php?rest_route=\/wp\/v2\/users\/5"}],"replies":[{"embeddable":true,"href":"https:\/\/mfc08.de\/index.php?rest_route=%2Fwp%2Fv2%2Fcomments&post=5915"}],"version-history":[{"count":1,"href":"https:\/\/mfc08.de\/index.php?rest_route=\/wp\/v2\/posts\/5915\/revisions"}],"predecessor-version":[{"id":5916,"href":"https:\/\/mfc08.de\/index.php?rest_route=\/wp\/v2\/posts\/5915\/revisions\/5916"}],"wp:featuredmedia":[{"embeddable":true,"href":"https:\/\/mfc08.de\/index.php?rest_route=\/wp\/v2\/media\/5734"}],"wp:attachment":[{"href":"https:\/\/mfc08.de\/index.php?rest_route=%2Fwp%2Fv2%2Fmedia&parent=5915"}],"wp:term":[{"taxonomy":"category","embeddable":true,"href":"https:\/\/mfc08.de\/index.php?rest_route=%2Fwp%2Fv2%2Fcategories&post=5915"},{"taxonomy":"post_tag","embeddable":true,"href":"https:\/\/mfc08.de\/index.php?rest_route=%2Fwp%2Fv2%2Ftags&post=5915"}],"curies":[{"name":"wp","href":"https:\/\/api.w.org\/{rel}","templated":true}]}}