{"id":5920,"date":"2022-09-12T08:32:14","date_gmt":"2022-09-12T08:32:14","guid":{"rendered":"https:\/\/mfc08.de\/?p=5920"},"modified":"2022-09-12T08:32:15","modified_gmt":"2022-09-12T08:32:15","slug":"tennis-mixed-runde-10-09-2022-gegen-tc-bruehl","status":"publish","type":"post","link":"https:\/\/mfc08.de\/?p=5920","title":{"rendered":"Tennis: Mixed Runde &#8211; 10.09.2022 gegen TC Br\u00fchl"},"content":{"rendered":"\n<p>In unserer letzten Begegnung in dieser Saison hatten wir den TC Br\u00fchl zu Gast auf unserer Anlage.<\/p>\n\n\n\n<p>Allen Unkenrufen zum Trotz war uns der Wettergott wohlgesonnen und wir konnten die Spiele p\u00fcnktlich beginnen und auch am gleichen Tag noch vollst\u00e4ndig abschlie\u00dfen.<\/p>\n\n\n\n<p>Mit einem knappen 4:5 mussten wir uns am heutigen Tag leider geschlagen geben. Dies \u00e4nderte jedoch nichts am <a href=\"https:\/\/baden.liga.nu\/cgi-bin\/WebObjects\/nuLigaTENDE.woa\/wa\/groupPage?championship=B1+M+2022&amp;group=14\">Tabellenstand.<\/a><\/p>\n\n\n\n<p>Ausnahmslos alle Spiele wurden \u00e4u\u00dferst fair und in freundschaftlicher Atmosph\u00e4re ausgetragen.<\/p>\n\n\n\n<p>Der Abend, wie kann es anders sein, endete mit einem gemeinsamen Essen im 08er Clubhaus.<\/p>\n\n\n\n<p>An dieser Stelle m\u00f6chte sich auch die Tennisabteilung bei allen Spielerinnen und Spielern f\u00fcr Ihren Einsatz bedanken. Es hat wieder Spa\u00df gemacht, gemeinsam mit dem SC Pfingstberg Hochst\u00e4tt auf dem Platz zu stehen und um die Punkte zu k\u00e4mpfen.<\/p>\n","protected":false},"excerpt":{"rendered":"<p>In unserer letzten Begegnung in dieser Saison hatten wir den TC Br\u00fchl zu Gast auf unserer Anlage. Allen Unkenrufen zum Trotz war uns der Wettergott wohlgesonnen und wir konnten die Spiele p\u00fcnktlich beginnen und auch am gleichen Tag noch vollst\u00e4ndig abschlie\u00dfen. Mit einem knappen 4:5 mussten wir uns am heutigen Tag leider geschlagen geben. Dies&hellip;&nbsp;<a href=\"https:\/\/mfc08.de\/?p=5920\" rel=\"bookmark\">Weiterlesen &raquo;<span class=\"screen-reader-text\">Tennis: Mixed Runde &#8211; 10.09.2022 gegen TC Br\u00fchl<\/span><\/a><\/p>\n","protected":false},"author":6,"featured_media":5922,"comment_status":"closed","ping_status":"closed","sticky":false,"template":"","format":"standard","meta":{"neve_meta_sidebar":"","neve_meta_container":"","neve_meta_enable_content_width":"","neve_meta_content_width":0,"neve_meta_title_alignment":"","neve_meta_author_avatar":"","neve_post_elements_order":"","neve_meta_disable_header":"","neve_meta_disable_footer":"","neve_meta_disable_title":"","_themeisle_gutenberg_block_has_review":false,"footnotes":""},"categories":[7,1],"tags":[],"class_list":["post-5920","post","type-post","status-publish","format-standard","has-post-thumbnail","hentry","category-tennis","category-uncategorized"],"_links":{"self":[{"href":"https:\/\/mfc08.de\/index.php?rest_route=\/wp\/v2\/posts\/5920","targetHints":{"allow":["GET"]}}],"collection":[{"href":"https:\/\/mfc08.de\/index.php?rest_route=\/wp\/v2\/posts"}],"about":[{"href":"https:\/\/mfc08.de\/index.php?rest_route=\/wp\/v2\/types\/post"}],"author":[{"embeddable":true,"href":"https:\/\/mfc08.de\/index.php?rest_route=\/wp\/v2\/users\/6"}],"replies":[{"embeddable":true,"href":"https:\/\/mfc08.de\/index.php?rest_route=%2Fwp%2Fv2%2Fcomments&post=5920"}],"version-history":[{"count":2,"href":"https:\/\/mfc08.de\/index.php?rest_route=\/wp\/v2\/posts\/5920\/revisions"}],"predecessor-version":[{"id":5923,"href":"https:\/\/mfc08.de\/index.php?rest_route=\/wp\/v2\/posts\/5920\/revisions\/5923"}],"wp:featuredmedia":[{"embeddable":true,"href":"https:\/\/mfc08.de\/index.php?rest_route=\/wp\/v2\/media\/5922"}],"wp:attachment":[{"href":"https:\/\/mfc08.de\/index.php?rest_route=%2Fwp%2Fv2%2Fmedia&parent=5920"}],"wp:term":[{"taxonomy":"category","embeddable":true,"href":"https:\/\/mfc08.de\/index.php?rest_route=%2Fwp%2Fv2%2Fcategories&post=5920"},{"taxonomy":"post_tag","embeddable":true,"href":"https:\/\/mfc08.de\/index.php?rest_route=%2Fwp%2Fv2%2Ftags&post=5920"}],"curies":[{"name":"wp","href":"https:\/\/api.w.org\/{rel}","templated":true}]}}