{"id":6020,"date":"2022-09-25T19:27:28","date_gmt":"2022-09-25T19:27:28","guid":{"rendered":"https:\/\/mfc08.de\/?p=6020"},"modified":"2022-09-25T19:27:30","modified_gmt":"2022-09-25T19:27:30","slug":"mfc-08-lindenhof-fv-bruehl-2-33-11","status":"publish","type":"post","link":"https:\/\/mfc08.de\/?p=6020","title":{"rendered":"MFC 08 Lindenhof &#8211; FV Br\u00fchl 2  3:3 (1:1)"},"content":{"rendered":"\n<p>In einem von vielen Nickligkeiten gepr\u00e4gten Kampfspiel trennte sich die erste Mannschaft 3:3 (1:1) Unentschieden vom starken Aufsteiger FV Br\u00fchl 2<\/p>\n\n\n\n<p>Von Anfang an bewegten sich beide Mannschaften auf Augenh\u00f6he, wobei das Spiel vor allem von Zweik\u00e4mpfen gepr\u00e4gt war, in denen sich die Teams nichts schenkten. Bereits mit der ersten gef\u00e4hrlichen Aktion gingen die G\u00e4ste in F\u00fchrung, als ein St\u00fcrmer eine weite Flanke eink\u00f6pfen konnte. Aber auch auf der anderen Seite f\u00fchrte die erste Chance zum Erfolg. Eine scharf getretene Ecke von Yusuf Demirci konnte Ivan Vlaho zum Ausgleich eink\u00f6pfen. In der Schlussphase der ersten Halbzeit gab es dann noch Chancen auf beiden Seiten, aber es blieb beim 1:1. Die erste gef\u00e4hrliche Aktion in der zweiten Halbzeit hatte Yusuf Demirci, aber seinen Freisto\u00df auf das kurze Ecke konnte der Br\u00fchler Torwart parieren. Kurz danach dann die F\u00fchrung f\u00fcr unsere Elf. Eine Freisto\u00dfflanke von Maurice K\u00fchnl k\u00f6pfte Oleg Leonidov zum 2:1 ein. Aber die F\u00fchrung sollte nicht lange halten. Ein Eckball konnte nicht sauber gekl\u00e4rt werden und mit dem 4. Kopfballtreffer im Spiel erzielten die G\u00e4ste den Ausgleich. Fast w\u00e4re Aleksandar Markovic die erneute F\u00fchrung gelungen, aber er verfehlte nach einer Flanke von Michele Cottitto das Geh\u00e4use knapp. Wenig sp\u00e4ter war es dann aber soweit. Einen langen Ball von Aleksandar Markovic legte Michele Cottitto im Strafraum sch\u00f6n auf Yusuf Demirci ab und der traf zur erneuten F\u00fchrung. In der hektischen Schlussphase versuchten es die G\u00e4ste vor allem mit langen, hohen B\u00e4llen in die Spitze, die aber lange von der Defensive gut verteidigt wurden. Kurz vor Schluss schw\u00e4chte sich unsere Elf dann aber selbst. Ivan Vlaho lie\u00df sich zu einer Beleidigung gegen einen Br\u00fchler Spieler hinrei\u00dfen und sah daf\u00fcr die rote Karte. Br\u00fchl erh\u00f6hte daher den Druck noch einmal und kam in der Nachspielzeit wirklich noch zum Ausgleich <\/p>\n\n\n\n<p>Am n\u00e4chsten Sonntag steht gegen den FV 08 Hockenheim ein weiteres Heimspiel auf dem Programm \u00a0\u00a0\u00a0\u00a0\u00a0\u00a0\u00a0\u00a0\u00a0\u00a0\u00a0\u00a0\u00a0\u00a0\u00a0\u00a0<\/p>\n","protected":false},"excerpt":{"rendered":"<p>In einem von vielen Nickligkeiten gepr\u00e4gten Kampfspiel trennte sich die erste Mannschaft 3:3 (1:1) Unentschieden vom starken Aufsteiger FV Br\u00fchl 2 Von Anfang an bewegten sich beide Mannschaften auf Augenh\u00f6he, wobei das Spiel vor allem von Zweik\u00e4mpfen gepr\u00e4gt war, in denen sich die Teams nichts schenkten. Bereits mit der ersten gef\u00e4hrlichen Aktion gingen die G\u00e4ste&hellip;&nbsp;<a href=\"https:\/\/mfc08.de\/?p=6020\" rel=\"bookmark\">Weiterlesen &raquo;<span class=\"screen-reader-text\">MFC 08 Lindenhof &#8211; FV Br\u00fchl 2  3:3 (1:1)<\/span><\/a><\/p>\n","protected":false},"author":5,"featured_media":4689,"comment_status":"closed","ping_status":"closed","sticky":false,"template":"","format":"standard","meta":{"neve_meta_sidebar":"","neve_meta_container":"","neve_meta_enable_content_width":"","neve_meta_content_width":0,"neve_meta_title_alignment":"","neve_meta_author_avatar":"","neve_post_elements_order":"","neve_meta_disable_header":"","neve_meta_disable_footer":"","neve_meta_disable_title":"","_themeisle_gutenberg_block_has_review":false,"footnotes":""},"categories":[3],"tags":[],"class_list":["post-6020","post","type-post","status-publish","format-standard","has-post-thumbnail","hentry","category-1-mannschaft"],"_links":{"self":[{"href":"https:\/\/mfc08.de\/index.php?rest_route=\/wp\/v2\/posts\/6020","targetHints":{"allow":["GET"]}}],"collection":[{"href":"https:\/\/mfc08.de\/index.php?rest_route=\/wp\/v2\/posts"}],"about":[{"href":"https:\/\/mfc08.de\/index.php?rest_route=\/wp\/v2\/types\/post"}],"author":[{"embeddable":true,"href":"https:\/\/mfc08.de\/index.php?rest_route=\/wp\/v2\/users\/5"}],"replies":[{"embeddable":true,"href":"https:\/\/mfc08.de\/index.php?rest_route=%2Fwp%2Fv2%2Fcomments&post=6020"}],"version-history":[{"count":1,"href":"https:\/\/mfc08.de\/index.php?rest_route=\/wp\/v2\/posts\/6020\/revisions"}],"predecessor-version":[{"id":6021,"href":"https:\/\/mfc08.de\/index.php?rest_route=\/wp\/v2\/posts\/6020\/revisions\/6021"}],"wp:featuredmedia":[{"embeddable":true,"href":"https:\/\/mfc08.de\/index.php?rest_route=\/wp\/v2\/media\/4689"}],"wp:attachment":[{"href":"https:\/\/mfc08.de\/index.php?rest_route=%2Fwp%2Fv2%2Fmedia&parent=6020"}],"wp:term":[{"taxonomy":"category","embeddable":true,"href":"https:\/\/mfc08.de\/index.php?rest_route=%2Fwp%2Fv2%2Fcategories&post=6020"},{"taxonomy":"post_tag","embeddable":true,"href":"https:\/\/mfc08.de\/index.php?rest_route=%2Fwp%2Fv2%2Ftags&post=6020"}],"curies":[{"name":"wp","href":"https:\/\/api.w.org\/{rel}","templated":true}]}}