{"id":6022,"date":"2022-10-02T19:45:12","date_gmt":"2022-10-02T19:45:12","guid":{"rendered":"https:\/\/mfc08.de\/?p=6022"},"modified":"2022-10-02T19:46:58","modified_gmt":"2022-10-02T19:46:58","slug":"mfc-08-lindenhof-2-fc-tuerkspor-mannheim-2-51-10","status":"publish","type":"post","link":"https:\/\/mfc08.de\/?p=6022","title":{"rendered":"MFC 08 Lindenhof 2 &#8211; FC T\u00fcrkspor Mannheim 2  5:1 (1:0)"},"content":{"rendered":"\n<p>Mit einem verdienten, wenn auch am Ende etwas zu hoch ausgefallenen, 5:1 (1:0) \u00fcber den FC T\u00fcrkspor Mannheim 2 feierte die zweite Mannschaft den 2. Sieg in Folge<\/p>\n\n\n\n<p>Die Mannschaft kam gut ins Spiel und hatte auch fr\u00fch erste Chancen, doch Marvin D\u00fcrr verzog knapp und Bennyamin Zimmer scheiterte am gegnerischen Torwart. Dann kamen auch die G\u00e4ste st\u00e4rker auf und hatten die grosse Chance zur F\u00fchrung, doch ein St\u00fcrmer umspielte zwar Mark Doy, lie\u00df ich dabei aber etwas zu weit nach aussen abdr\u00e4ngen und konnte den Ball somit nicht mehr im Tor unterbringen. Kurz vor der Pause spielte Nico Jehle einen sch\u00f6nen Pass auf Mathias Roesinger, der im Strafraum zu Fall gebracht wurde. Den f\u00e4lligen Elfmeter verwandelte Mathias Roesinger selbst zur verdienten Pausenf\u00fchrung. Auch die erste Chance nach der Pause hatte unser Team. Mathias Roesinger setzte sich auf aussen stark durch und seine Hereingabe setzte Nico Jehle aus aussichtsreicher Position \u00fcber das Tor. Doch in der Folgezeit \u00fcbernahmen die G\u00e4ste das Kommando und das Spiel drohte zu kippen. Aber Mitte der zweiten Halbzeit war es Mathias Roesinger, der mit einem abgef\u00e4lschten Schuss auf 2:0 erh\u00f6hen konnte. Und nur zwei Minuten sp\u00e4ter war erneut Mathias Roesinger mit einem Freisto\u00df erfolgreich und erzielte mit seinem drittem Treffer die beruhigende 3:0 F\u00fchrung. In den n\u00e4chsten Minuten stand zweimal Mark Doy im Tor im Mittelpunkt. Zun\u00e4chst wehrte er einen Kopfball aus kurzer Distanz mit einer starken Reaktion ab und kurz danach konnte er auch einen Foulelfmeter abwehren. In der Folgezeit gab es einige gute Konterm\u00f6glichkeiten, die aber ungenutzt blieben und so drohte es kurz vor Ende noch einmal spannend zu werden. Die G\u00e4ste bekamen einen weiteren Foulelfmeter zugesprochen und diesmal konnten sie ihn zum 1:3 verwandeln. Doch Tomislav Martinovic sorgte umgehend mit seinem Treffer zum 4:1 f\u00fcr die endg\u00fcltige Entscheidung und Marvin D\u00fcrr erh\u00f6hte wenig sp\u00e4ter mit einem herrlichen Treffer sogar nach auf 5:1<\/p>\n\n\n\n<p>N\u00e4chste Woche tritt die Elf bei der Spvgg Ketsch 2 an und hofft dort den positiven Trend weiter fortsetzen zu k\u00f6nnen<\/p>\n","protected":false},"excerpt":{"rendered":"<p>Mit einem verdienten, wenn auch am Ende etwas zu hoch ausgefallenen, 5:1 (1:0) \u00fcber den FC T\u00fcrkspor Mannheim 2 feierte die zweite Mannschaft den 2. Sieg in Folge Die Mannschaft kam gut ins Spiel und hatte auch fr\u00fch erste Chancen, doch Marvin D\u00fcrr verzog knapp und Bennyamin Zimmer scheiterte am gegnerischen Torwart. Dann kamen auch&hellip;&nbsp;<a href=\"https:\/\/mfc08.de\/?p=6022\" rel=\"bookmark\">Weiterlesen &raquo;<span class=\"screen-reader-text\">MFC 08 Lindenhof 2 &#8211; FC T\u00fcrkspor Mannheim 2  5:1 (1:0)<\/span><\/a><\/p>\n","protected":false},"author":5,"featured_media":5734,"comment_status":"closed","ping_status":"closed","sticky":false,"template":"","format":"standard","meta":{"neve_meta_sidebar":"","neve_meta_container":"","neve_meta_enable_content_width":"","neve_meta_content_width":0,"neve_meta_title_alignment":"","neve_meta_author_avatar":"","neve_post_elements_order":"","neve_meta_disable_header":"","neve_meta_disable_footer":"","neve_meta_disable_title":"","_themeisle_gutenberg_block_has_review":false,"footnotes":""},"categories":[5],"tags":[],"class_list":["post-6022","post","type-post","status-publish","format-standard","has-post-thumbnail","hentry","category-2-mannschaft"],"_links":{"self":[{"href":"https:\/\/mfc08.de\/index.php?rest_route=\/wp\/v2\/posts\/6022","targetHints":{"allow":["GET"]}}],"collection":[{"href":"https:\/\/mfc08.de\/index.php?rest_route=\/wp\/v2\/posts"}],"about":[{"href":"https:\/\/mfc08.de\/index.php?rest_route=\/wp\/v2\/types\/post"}],"author":[{"embeddable":true,"href":"https:\/\/mfc08.de\/index.php?rest_route=\/wp\/v2\/users\/5"}],"replies":[{"embeddable":true,"href":"https:\/\/mfc08.de\/index.php?rest_route=%2Fwp%2Fv2%2Fcomments&post=6022"}],"version-history":[{"count":1,"href":"https:\/\/mfc08.de\/index.php?rest_route=\/wp\/v2\/posts\/6022\/revisions"}],"predecessor-version":[{"id":6023,"href":"https:\/\/mfc08.de\/index.php?rest_route=\/wp\/v2\/posts\/6022\/revisions\/6023"}],"wp:featuredmedia":[{"embeddable":true,"href":"https:\/\/mfc08.de\/index.php?rest_route=\/wp\/v2\/media\/5734"}],"wp:attachment":[{"href":"https:\/\/mfc08.de\/index.php?rest_route=%2Fwp%2Fv2%2Fmedia&parent=6022"}],"wp:term":[{"taxonomy":"category","embeddable":true,"href":"https:\/\/mfc08.de\/index.php?rest_route=%2Fwp%2Fv2%2Fcategories&post=6022"},{"taxonomy":"post_tag","embeddable":true,"href":"https:\/\/mfc08.de\/index.php?rest_route=%2Fwp%2Fv2%2Ftags&post=6022"}],"curies":[{"name":"wp","href":"https:\/\/api.w.org\/{rel}","templated":true}]}}