{"id":6024,"date":"2022-10-02T19:51:43","date_gmt":"2022-10-02T19:51:43","guid":{"rendered":"https:\/\/mfc08.de\/?p=6024"},"modified":"2022-10-02T19:51:45","modified_gmt":"2022-10-02T19:51:45","slug":"mfc-08-lindenhof-fv-08-hockenheim-20-00","status":"publish","type":"post","link":"https:\/\/mfc08.de\/?p=6024","title":{"rendered":"MFC 08 Lindenhof &#8211; FV 08 Hockenheim 2:0 (0:0)"},"content":{"rendered":"\n<p>Durch einen glanzlosen, aber verdienten 2:0 (0:0) Sieg \u00fcber den FV 08 Hockenheim verbesserte sich die erste Mannschaft auf den 2. Tabellenplatz<\/p>\n\n\n\n<p>Nach einer ausgeglichenen Anfangsphase \u00fcbernahm unser Team Mitte der ersten Halbzeit mehr&nbsp; und mehr das Kommando und konnte sich auch einige Chancen erspielen. Aber zun\u00e4chst legte sich Aleksandar Markovic den Ball vor dem gegnerischen Torwart zu weit vor und dann verfehlte Patrick Pretzer nach feinem Zuspiel von Kevin Heck aus vielversprechenden Position das Tor. Bei Sch\u00fcssen von Patrick Piontek und Nemanja Markovic zeigte sich der Hockenheimer Torwart auf dem Posten. Auf der anderen Seite versuchten die G\u00e4ste mehrfach ihr Gl\u00fcck mit Weitsch\u00fcssen auf dem nassem Rasen, die aber alle das Ziel verfehlten, und somit ging es torlos in die Pause. Auch in der zweiten Halbzeit blieb unser Team \u00fcberlegen, aber die G\u00e4ste-Defensive stand jetzt gut und somit blieben gute Chancen lange Zeit Mangelware. Bezeichnenderweise war es dann ein Standard der zur F\u00fchrung f\u00fchrte. Einen scharf getretenen Freisto\u00df von Sergio Lattore k\u00f6pfte Tobias Baumann zum 1:0 ein. Hockenheim bem\u00fchte sich im Anschluss zwar zu Chancen zu kommen, aber unsere Defensive stand sicher und lie\u00df nichts zu. Die n\u00e4chste Chance die F\u00fchrung auszubauen gab es erneut nach einem Standard, aber ein Kopfball von Paul Stro nach einem Eckball verfehlte das Ziel. Kurz vor Schluss war es dann Oleg Leonidov, der f\u00fcr die Entscheidung sorgte. Nach einem zu kurz abgewehrten Eckball kam er 18 Meter vor dem Tor an den Ball und traf mit einem satten Schuss zum 2:0. &nbsp;&nbsp;&nbsp;&nbsp;&nbsp;&nbsp;&nbsp;<\/p>\n\n\n\n<p>Im n\u00e4chsten Spiel beim FC Germania Friedrichsfeld gilt es jetzt die gute Position zu verteidigen.<\/p>\n\n\n\n<p>Unter der Woche hat die Mannschaft \u00fcbrigens durch einen harterk\u00e4mpften 5:2 Sieg nach Verl\u00e4ngerung bei der SG Hemsbach das Viertelfinale im Kreispokal erreicht, in dem man am Mittwoch, den 2.11 auf den Spitzenreiter der Kreisliga, den SC Rot-Wei\u00df Rheinau trifft &nbsp;&nbsp;&nbsp;&nbsp;<\/p>\n","protected":false},"excerpt":{"rendered":"<p>Durch einen glanzlosen, aber verdienten 2:0 (0:0) Sieg \u00fcber den FV 08 Hockenheim verbesserte sich die erste Mannschaft auf den 2. Tabellenplatz Nach einer ausgeglichenen Anfangsphase \u00fcbernahm unser Team Mitte der ersten Halbzeit mehr&nbsp; und mehr das Kommando und konnte sich auch einige Chancen erspielen. Aber zun\u00e4chst legte sich Aleksandar Markovic den Ball vor dem&hellip;&nbsp;<a href=\"https:\/\/mfc08.de\/?p=6024\" rel=\"bookmark\">Weiterlesen &raquo;<span class=\"screen-reader-text\">MFC 08 Lindenhof &#8211; FV 08 Hockenheim 2:0 (0:0)<\/span><\/a><\/p>\n","protected":false},"author":5,"featured_media":4689,"comment_status":"closed","ping_status":"closed","sticky":false,"template":"","format":"standard","meta":{"neve_meta_sidebar":"","neve_meta_container":"","neve_meta_enable_content_width":"","neve_meta_content_width":0,"neve_meta_title_alignment":"","neve_meta_author_avatar":"","neve_post_elements_order":"","neve_meta_disable_header":"","neve_meta_disable_footer":"","neve_meta_disable_title":"","_themeisle_gutenberg_block_has_review":false,"footnotes":""},"categories":[3],"tags":[],"class_list":["post-6024","post","type-post","status-publish","format-standard","has-post-thumbnail","hentry","category-1-mannschaft"],"_links":{"self":[{"href":"https:\/\/mfc08.de\/index.php?rest_route=\/wp\/v2\/posts\/6024","targetHints":{"allow":["GET"]}}],"collection":[{"href":"https:\/\/mfc08.de\/index.php?rest_route=\/wp\/v2\/posts"}],"about":[{"href":"https:\/\/mfc08.de\/index.php?rest_route=\/wp\/v2\/types\/post"}],"author":[{"embeddable":true,"href":"https:\/\/mfc08.de\/index.php?rest_route=\/wp\/v2\/users\/5"}],"replies":[{"embeddable":true,"href":"https:\/\/mfc08.de\/index.php?rest_route=%2Fwp%2Fv2%2Fcomments&post=6024"}],"version-history":[{"count":1,"href":"https:\/\/mfc08.de\/index.php?rest_route=\/wp\/v2\/posts\/6024\/revisions"}],"predecessor-version":[{"id":6025,"href":"https:\/\/mfc08.de\/index.php?rest_route=\/wp\/v2\/posts\/6024\/revisions\/6025"}],"wp:featuredmedia":[{"embeddable":true,"href":"https:\/\/mfc08.de\/index.php?rest_route=\/wp\/v2\/media\/4689"}],"wp:attachment":[{"href":"https:\/\/mfc08.de\/index.php?rest_route=%2Fwp%2Fv2%2Fmedia&parent=6024"}],"wp:term":[{"taxonomy":"category","embeddable":true,"href":"https:\/\/mfc08.de\/index.php?rest_route=%2Fwp%2Fv2%2Fcategories&post=6024"},{"taxonomy":"post_tag","embeddable":true,"href":"https:\/\/mfc08.de\/index.php?rest_route=%2Fwp%2Fv2%2Ftags&post=6024"}],"curies":[{"name":"wp","href":"https:\/\/api.w.org\/{rel}","templated":true}]}}