{"id":6048,"date":"2022-10-09T20:01:39","date_gmt":"2022-10-09T20:01:39","guid":{"rendered":"https:\/\/mfc08.de\/?p=6048"},"modified":"2022-10-09T20:02:21","modified_gmt":"2022-10-09T20:02:21","slug":"spvgg-ketsch-2-mfc-08-lindenhof-12-01","status":"publish","type":"post","link":"https:\/\/mfc08.de\/?p=6048","title":{"rendered":"Spvgg Ketsch 2 &#8211; MFC 08 Lindenhof 2 1:2 (0:1)"},"content":{"rendered":"\n<p>Die zweite Mannschaft setzte ihren Aufw\u00e4rtstrend der letzten Wochen fort und feierte bei der Spvgg Ketsch 2 mit einem verdienten 2:1 (1:0) Erfolg den 3. Sieg in Folge<\/p>\n\n\n\n<p>Es entwickelte sich von Anfang an ein relativ ausgeglichenes Spiel, in dem sich unser Team leichte Vorteile erspielen konnte. Nach einer halben Stunde traf Michel B\u00f6ing nach feinem Doppelpass zur verdienten 1:0 Halbzeitf\u00fchrung. In der zweiten Halbzeit kontrollierte unser Team das Spiel weitgehend. Die Gastgeber zwar bem\u00fcht Druck zu erzeugen, aber die Defensive lie\u00df kaum etwas zu. In der Schlussphase nutzte man dann die sich bietenden R\u00e4umen und kam zu einigen guten Chancen. Zun\u00e4chst wurde ein Schuss von Nico Jehle gerade noch kurz vor der Linie gekl\u00e4rt, dann verfehlte Bennyamin Zimmer das Ziel knapp. Besser macht es kurz vor Schluss Michel B\u00f6ing. Er erk\u00e4mpfte sich den Ball kurz hinter der Mittellinie, lie\u00df noch einen Abwehrspieler aussteigen und traf zum 2:0. In der Nachspielzeit gelang Ketsch zwar noch der Anschlusstreffer, aber dies war letztlich nur Ergebniskosmetik. Pino di Nato hatte noch die Chance zur endg\u00fcltigen Entscheidung, aber zun\u00e4chst scheiterte er am Ketscher Torwart und den Nachschuss setzte er \u00fcber das Tor. So blieb es bis zum Ende beim verdienten 2:1 und dem Sieg<\/p>\n\n\n\n<p>N\u00e4chste Woche empf\u00e4ngt das Team mit dem SV Rohrhof einen der Top-Favoriten auf dem 08er<\/p>\n\n\n\n<p><\/p>\n","protected":false},"excerpt":{"rendered":"<p>Die zweite Mannschaft setzte ihren Aufw\u00e4rtstrend der letzten Wochen fort und feierte bei der Spvgg Ketsch 2 mit einem verdienten 2:1 (1:0) Erfolg den 3. Sieg in Folge Es entwickelte sich von Anfang an ein relativ ausgeglichenes Spiel, in dem sich unser Team leichte Vorteile erspielen konnte. Nach einer halben Stunde traf Michel B\u00f6ing nach&hellip;&nbsp;<a href=\"https:\/\/mfc08.de\/?p=6048\" rel=\"bookmark\">Weiterlesen &raquo;<span class=\"screen-reader-text\">Spvgg Ketsch 2 &#8211; MFC 08 Lindenhof 2 1:2 (0:1)<\/span><\/a><\/p>\n","protected":false},"author":5,"featured_media":5734,"comment_status":"closed","ping_status":"closed","sticky":false,"template":"","format":"standard","meta":{"neve_meta_sidebar":"","neve_meta_container":"","neve_meta_enable_content_width":"","neve_meta_content_width":0,"neve_meta_title_alignment":"","neve_meta_author_avatar":"","neve_post_elements_order":"","neve_meta_disable_header":"","neve_meta_disable_footer":"","neve_meta_disable_title":"","_themeisle_gutenberg_block_has_review":false,"footnotes":""},"categories":[5],"tags":[],"class_list":["post-6048","post","type-post","status-publish","format-standard","has-post-thumbnail","hentry","category-2-mannschaft"],"_links":{"self":[{"href":"https:\/\/mfc08.de\/index.php?rest_route=\/wp\/v2\/posts\/6048","targetHints":{"allow":["GET"]}}],"collection":[{"href":"https:\/\/mfc08.de\/index.php?rest_route=\/wp\/v2\/posts"}],"about":[{"href":"https:\/\/mfc08.de\/index.php?rest_route=\/wp\/v2\/types\/post"}],"author":[{"embeddable":true,"href":"https:\/\/mfc08.de\/index.php?rest_route=\/wp\/v2\/users\/5"}],"replies":[{"embeddable":true,"href":"https:\/\/mfc08.de\/index.php?rest_route=%2Fwp%2Fv2%2Fcomments&post=6048"}],"version-history":[{"count":2,"href":"https:\/\/mfc08.de\/index.php?rest_route=\/wp\/v2\/posts\/6048\/revisions"}],"predecessor-version":[{"id":6050,"href":"https:\/\/mfc08.de\/index.php?rest_route=\/wp\/v2\/posts\/6048\/revisions\/6050"}],"wp:featuredmedia":[{"embeddable":true,"href":"https:\/\/mfc08.de\/index.php?rest_route=\/wp\/v2\/media\/5734"}],"wp:attachment":[{"href":"https:\/\/mfc08.de\/index.php?rest_route=%2Fwp%2Fv2%2Fmedia&parent=6048"}],"wp:term":[{"taxonomy":"category","embeddable":true,"href":"https:\/\/mfc08.de\/index.php?rest_route=%2Fwp%2Fv2%2Fcategories&post=6048"},{"taxonomy":"post_tag","embeddable":true,"href":"https:\/\/mfc08.de\/index.php?rest_route=%2Fwp%2Fv2%2Ftags&post=6048"}],"curies":[{"name":"wp","href":"https:\/\/api.w.org\/{rel}","templated":true}]}}