{"id":6051,"date":"2022-10-09T20:06:21","date_gmt":"2022-10-09T20:06:21","guid":{"rendered":"https:\/\/mfc08.de\/?p=6051"},"modified":"2022-10-09T20:06:23","modified_gmt":"2022-10-09T20:06:23","slug":"fc-germania-friedrichsfeld-mfc-08-lindenhof-05-03","status":"publish","type":"post","link":"https:\/\/mfc08.de\/?p=6051","title":{"rendered":"FC Germania Friedrichsfeld &#8211; MFC 08 Lindenhof 0:5 (0:3)"},"content":{"rendered":"\n<p>Zu einem ungef\u00e4hrdeten 5:0 (3:0) Sieg kam die erste Mannschaft beim FC Germania Friedrichsfeld und behauptete damit souver\u00e4n den 2. Tabellenplatz<\/p>\n\n\n\n<p>Von Anfang an \u00fcbernahm unsere Elf das Kommando auf dem Platz und schon fr\u00fch gelang die F\u00fchrung. Yusuf Demirci konnte sich auf aussen durchsetzen und seine Hereingabe verwertete Ivan Vlaho zum 1:0. Auch in der Folgezeit bestimmte man die Partie sicher. Nur der letzte Pass wollte nicht immer ankommen. Nach einer halben Stunde setzte sich dann erneut Yusuf Demirci durch und er behielt frei vor dem Torwart die \u00dcbersicht, legte uneigenn\u00fctzig auf Ivan Vlaho ab, der m\u00fchelos zum 2:0 einschieben konnte. Und unmittelbar vor der Pause dann schon die Vorentscheidung in dieser Partie. Yusuf Demirci verwandelte einen Eckball direkt zum 3:0 Halbzeitstand. Auch nach der Pause hatte unser Team die erste Chance, aber Patrick Piontek verfehlte aus aussichtsreicher Position knapp. In der Folgezeit lie\u00df etwas die Konzentation bei unserem Team nach, so dass die Gastgeber zu einigen M\u00f6glichkeiten kamen, die aber nicht genutzt werden konnten. So war es erneut Yusuf Demirci, der f\u00fcr die Entscheidung sorgte. Nach einem Schussversuch von Kevin Heck kam er im Strafraum an den Ball, scheiterte zun\u00e4chst am Friedrichsfelder Torwart, verwandelte aber den Nachschuss zum 4:0. Kurz vor dem fing Patrick Szarka einen Pass der Gastgeber in die Spitze ab und er \u00fcberlief die aufger\u00fcckte Abwehr, legte sich den Ball aber frei vor dem Torwart etwas zu weit vor, so dass der Winkel zu spitz wurde, aber er legte auf den mitgelaufenen Aleksandar Markovic zur\u00fcck, der zum 5:0 Endstand einschieben konnte<\/p>\n\n\n\n<p>N\u00e4chste Woche steht mit der Partie gegen den momentanen Tabellen-Dritten, den Landesliga-Absteiger FK Srbija Mannheim, ein absolutes Spitzenspiel auf dem Programm &nbsp;&nbsp;&nbsp;&nbsp;&nbsp;&nbsp;<\/p>\n","protected":false},"excerpt":{"rendered":"<p>Zu einem ungef\u00e4hrdeten 5:0 (3:0) Sieg kam die erste Mannschaft beim FC Germania Friedrichsfeld und behauptete damit souver\u00e4n den 2. Tabellenplatz Von Anfang an \u00fcbernahm unsere Elf das Kommando auf dem Platz und schon fr\u00fch gelang die F\u00fchrung. Yusuf Demirci konnte sich auf aussen durchsetzen und seine Hereingabe verwertete Ivan Vlaho zum 1:0. Auch in&hellip;&nbsp;<a href=\"https:\/\/mfc08.de\/?p=6051\" rel=\"bookmark\">Weiterlesen &raquo;<span class=\"screen-reader-text\">FC Germania Friedrichsfeld &#8211; MFC 08 Lindenhof 0:5 (0:3)<\/span><\/a><\/p>\n","protected":false},"author":5,"featured_media":4689,"comment_status":"closed","ping_status":"closed","sticky":false,"template":"","format":"standard","meta":{"neve_meta_sidebar":"","neve_meta_container":"","neve_meta_enable_content_width":"","neve_meta_content_width":0,"neve_meta_title_alignment":"","neve_meta_author_avatar":"","neve_post_elements_order":"","neve_meta_disable_header":"","neve_meta_disable_footer":"","neve_meta_disable_title":"","_themeisle_gutenberg_block_has_review":false,"footnotes":""},"categories":[3],"tags":[],"class_list":["post-6051","post","type-post","status-publish","format-standard","has-post-thumbnail","hentry","category-1-mannschaft"],"_links":{"self":[{"href":"https:\/\/mfc08.de\/index.php?rest_route=\/wp\/v2\/posts\/6051","targetHints":{"allow":["GET"]}}],"collection":[{"href":"https:\/\/mfc08.de\/index.php?rest_route=\/wp\/v2\/posts"}],"about":[{"href":"https:\/\/mfc08.de\/index.php?rest_route=\/wp\/v2\/types\/post"}],"author":[{"embeddable":true,"href":"https:\/\/mfc08.de\/index.php?rest_route=\/wp\/v2\/users\/5"}],"replies":[{"embeddable":true,"href":"https:\/\/mfc08.de\/index.php?rest_route=%2Fwp%2Fv2%2Fcomments&post=6051"}],"version-history":[{"count":1,"href":"https:\/\/mfc08.de\/index.php?rest_route=\/wp\/v2\/posts\/6051\/revisions"}],"predecessor-version":[{"id":6052,"href":"https:\/\/mfc08.de\/index.php?rest_route=\/wp\/v2\/posts\/6051\/revisions\/6052"}],"wp:featuredmedia":[{"embeddable":true,"href":"https:\/\/mfc08.de\/index.php?rest_route=\/wp\/v2\/media\/4689"}],"wp:attachment":[{"href":"https:\/\/mfc08.de\/index.php?rest_route=%2Fwp%2Fv2%2Fmedia&parent=6051"}],"wp:term":[{"taxonomy":"category","embeddable":true,"href":"https:\/\/mfc08.de\/index.php?rest_route=%2Fwp%2Fv2%2Fcategories&post=6051"},{"taxonomy":"post_tag","embeddable":true,"href":"https:\/\/mfc08.de\/index.php?rest_route=%2Fwp%2Fv2%2Ftags&post=6051"}],"curies":[{"name":"wp","href":"https:\/\/api.w.org\/{rel}","templated":true}]}}