{"id":6077,"date":"2022-10-30T21:21:07","date_gmt":"2022-10-30T21:21:07","guid":{"rendered":"https:\/\/mfc08.de\/?p=6077"},"modified":"2022-10-30T21:21:09","modified_gmt":"2022-10-30T21:21:09","slug":"mfc-08-lindenhof-vfb-gartenstadt-17-13","status":"publish","type":"post","link":"https:\/\/mfc08.de\/?p=6077","title":{"rendered":"MFC 08 Lindenhof &#8211; VfB Gartenstadt 1:7 (1:3)"},"content":{"rendered":"\n<p>Eine herbe 1:7 (1:3) Klatsche gab es f\u00fcr die erste Mannschaft im Heimspiel gegen den VfB Gartenstadt<\/p>\n\n\n\n<p>Bereits in der Anfangsminute nutzten die G\u00e4ste eine Unentschlossenheit in der Abwehr nach einem langen Ball aus und gingen in F\u00fchrung. Doch die Antwort lie\u00df nicht lange auf sich warten. Yusuf Demirci konnte sich gut durchsetzen, seine Ablage nahm Kevin Heck direkt, der Schuss wurde noch abgeblockt, doch den Abpraller verwertete Aleksandar Markovic zum Ausgleich. Und kurz danach k\u00f6pfte Aleksandar Markovic auf Flanke von Yusuf Demirci freistehend leider genau auf den Torwart. Die n\u00e4chste Chance bot sich Felix Schreckenberger, er konnte sich nach einem langen Ball gut durchsetzen, scheiterte aber an einer guten Fussabwehr des G\u00e4ste-Torwarts. Die F\u00fchrung gelang dann nach einer halben Stunde den G\u00e4sten, die per Kopf nach einem Eckball erfolgreich waren. Erneut Aleksandar Markovic hatte den Augleich auf dem Fuss, doch er scheiterte aus aussichtsreicher Position wieder am Torwart. Auf der anderen Seite verfehlten die G\u00e4ste mit einem satten Distanzschuss und einer sch\u00f6nen Direktabnahme zweimal nur knapp das Tor. Kurz vor der Pause hatte dann Yusuf Demirci die Chance zum Ausgleich, aber auch er scheiterte. Wenig sp\u00e4ter kam, nach einer abgewehrten Flanke, ein G\u00e4stest\u00fcrmer an der Mittellinie an den Ball, sah das Lucas Neuhof weit vor seinem Tor stand und traf zur 3:1 Pausenf\u00fchrung. Zu Beginn der zweiten Halbzeit unser Team zwar um den Anschluss bem\u00fcht, aber die Gartenst\u00e4dter Defensive stand jetzt gut. Mitte der zweiten Halbzeit dann die Entscheidung. Zun\u00e4chst erh\u00f6hte Gartenstadt mit einem weiteren Distanzschuss aus mehr aus 30 Metern auf 4:1 und mit dem n\u00e4chsten Angriff aus einem Freistoss heraus sogar auf 1:5. Auch in Folgezeit war unsere Elf zwar bem\u00fcht, kam auch noch zu der ein oder anderen Chance, doch ein Treffer wollte nicht mehr gelingen. Stattdessen erh\u00f6hte Gartenstadt in der Schlussphase durch 2 Kopfballtreffer sogar noch auf 1:7<\/p>\n\n\n\n<p>N\u00e4chste Woche besteht im Derby beim TSV Neckarau die M\u00f6glichkeit Wiedergutmachung zu betreiben<\/p>\n\n\n\n<p>Davor steht aber am Mittwoch noch das Pokalspiel gegen den ungeschlagenen Tabellenf\u00fchrer, den SC Rot-Wei\u00df Rheinau auf dem Programm&nbsp;&nbsp;&nbsp;&nbsp; &nbsp;&nbsp;&nbsp;&nbsp;&nbsp;&nbsp;&nbsp;&nbsp;&nbsp;&nbsp;&nbsp;&nbsp;&nbsp;&nbsp;&nbsp;<\/p>\n","protected":false},"excerpt":{"rendered":"<p>Eine herbe 1:7 (1:3) Klatsche gab es f\u00fcr die erste Mannschaft im Heimspiel gegen den VfB Gartenstadt Bereits in der Anfangsminute nutzten die G\u00e4ste eine Unentschlossenheit in der Abwehr nach einem langen Ball aus und gingen in F\u00fchrung. Doch die Antwort lie\u00df nicht lange auf sich warten. Yusuf Demirci konnte sich gut durchsetzen, seine Ablage&hellip;&nbsp;<a href=\"https:\/\/mfc08.de\/?p=6077\" rel=\"bookmark\">Weiterlesen &raquo;<span class=\"screen-reader-text\">MFC 08 Lindenhof &#8211; VfB Gartenstadt 1:7 (1:3)<\/span><\/a><\/p>\n","protected":false},"author":5,"featured_media":4013,"comment_status":"closed","ping_status":"closed","sticky":false,"template":"","format":"standard","meta":{"neve_meta_sidebar":"","neve_meta_container":"","neve_meta_enable_content_width":"","neve_meta_content_width":0,"neve_meta_title_alignment":"","neve_meta_author_avatar":"","neve_post_elements_order":"","neve_meta_disable_header":"","neve_meta_disable_footer":"","neve_meta_disable_title":"","_themeisle_gutenberg_block_has_review":false,"footnotes":""},"categories":[3],"tags":[],"class_list":["post-6077","post","type-post","status-publish","format-standard","has-post-thumbnail","hentry","category-1-mannschaft"],"_links":{"self":[{"href":"https:\/\/mfc08.de\/index.php?rest_route=\/wp\/v2\/posts\/6077","targetHints":{"allow":["GET"]}}],"collection":[{"href":"https:\/\/mfc08.de\/index.php?rest_route=\/wp\/v2\/posts"}],"about":[{"href":"https:\/\/mfc08.de\/index.php?rest_route=\/wp\/v2\/types\/post"}],"author":[{"embeddable":true,"href":"https:\/\/mfc08.de\/index.php?rest_route=\/wp\/v2\/users\/5"}],"replies":[{"embeddable":true,"href":"https:\/\/mfc08.de\/index.php?rest_route=%2Fwp%2Fv2%2Fcomments&post=6077"}],"version-history":[{"count":1,"href":"https:\/\/mfc08.de\/index.php?rest_route=\/wp\/v2\/posts\/6077\/revisions"}],"predecessor-version":[{"id":6078,"href":"https:\/\/mfc08.de\/index.php?rest_route=\/wp\/v2\/posts\/6077\/revisions\/6078"}],"wp:featuredmedia":[{"embeddable":true,"href":"https:\/\/mfc08.de\/index.php?rest_route=\/wp\/v2\/media\/4013"}],"wp:attachment":[{"href":"https:\/\/mfc08.de\/index.php?rest_route=%2Fwp%2Fv2%2Fmedia&parent=6077"}],"wp:term":[{"taxonomy":"category","embeddable":true,"href":"https:\/\/mfc08.de\/index.php?rest_route=%2Fwp%2Fv2%2Fcategories&post=6077"},{"taxonomy":"post_tag","embeddable":true,"href":"https:\/\/mfc08.de\/index.php?rest_route=%2Fwp%2Fv2%2Ftags&post=6077"}],"curies":[{"name":"wp","href":"https:\/\/api.w.org\/{rel}","templated":true}]}}