{"id":6079,"date":"2022-11-06T20:35:32","date_gmt":"2022-11-06T20:35:32","guid":{"rendered":"https:\/\/mfc08.de\/?p=6079"},"modified":"2022-11-06T20:35:34","modified_gmt":"2022-11-06T20:35:34","slug":"vfl-kurpfalz-neckarau-2-mfc-08-lindenhof-2-13-11","status":"publish","type":"post","link":"https:\/\/mfc08.de\/?p=6079","title":{"rendered":"VfL Kurpfalz Neckarau 2 &#8211; MFC 08 Lindenhof 2 1:3 (1:1)"},"content":{"rendered":"\n<p>Durch einen verdienten 3:1 (1:1) Erfolg im Derby beim VfL Kurpfalz Neckarau 2 konnte sich die zweite Mannschaft zun\u00e4chst einmal im Mittelfeld festsetzen<\/p>\n\n\n\n<p>In der Anfangsphase hatten die Gastgeber mehr vom Spiel, aber konnten daraus kein Kapital schlagen. Stattdessen traf unser Team mit der ersten gef\u00e4hrlichen Aktion. Eine Flanke legte Nico Jehle mit dem Kopf auf Mathias Roesinger ab, der die Latte traf. Den Abpraller nahm Pino di Nato auf, setzte sich gegen 2 Abwehrspieler durch und traf zur F\u00fchrung. Auch in der Folgezeit der VfL mit mehr Ballbesitz, aber die Abwehr Stand jetzt meist gut, und bei den B\u00e4llen, die durch kamen zeigte sich Mark Doy auf dem Posten. Auf der anderen Seite ergaben sich jetzt immer wieder R\u00e4ume f\u00fcr Konter, die aber leider nicht konsequent ausgespielt wurden. Nach einem langen Ball in den Strafraum entschied der Schiedsrichter nach einem Zweikampf zwischen Mark Doy und einem St\u00fcmer auf Elfmeter, den die Gastgeber zum Ausgleich nutzten. Bei diesem Ergebnis blieb es bis zur Pause. Optimal dann der Start in die zweite H\u00e4lfte. Direkt beim ersten Angriff kam Marco Lintz im gegnerischen Strafraum an den Ball und traf zur erneuten F\u00fchrung. Auch in der Folgezeit Neckarau mit mehr Ballbesitz, aber die Defensive stand jetzt gut und vorne konnte man immer wieder Nadelstiche setzen. So scheiterten Mathias Roesinger und Cornelius Boll aus aussichtsreichen Positionen am Torwart. Eine Viertelstunde vor Schluss traf Pavel Nikolaev mit einem Freisto\u00df die Latte und den Abpraller k\u00f6pfte Christian Bindariu zum 3:1 ein. Auch in der Schlussphase lie\u00df die Defensive nichts mehr anbrennen und somit&nbsp; brachte man diese F\u00fchrung relativ souver\u00e4n \u00fcber die Zeit und feierte einen weiteren wichtigen Ausw\u00e4rtssieg<\/p>\n\n\n\n<p>N\u00e4chste Woche gastiert der Tabellenf\u00fchrer SC Pfingstberg-Hochst\u00e4tt auf dem 08er und man darf durchaus gespannt sein, ob die Mannschaft hier evtl. f\u00fcr eine \u00dcberraschung sorgen<\/p>\n","protected":false},"excerpt":{"rendered":"<p>Durch einen verdienten 3:1 (1:1) Erfolg im Derby beim VfL Kurpfalz Neckarau 2 konnte sich die zweite Mannschaft zun\u00e4chst einmal im Mittelfeld festsetzen In der Anfangsphase hatten die Gastgeber mehr vom Spiel, aber konnten daraus kein Kapital schlagen. Stattdessen traf unser Team mit der ersten gef\u00e4hrlichen Aktion. Eine Flanke legte Nico Jehle mit dem Kopf&hellip;&nbsp;<a href=\"https:\/\/mfc08.de\/?p=6079\" rel=\"bookmark\">Weiterlesen &raquo;<span class=\"screen-reader-text\">VfL Kurpfalz Neckarau 2 &#8211; MFC 08 Lindenhof 2 1:3 (1:1)<\/span><\/a><\/p>\n","protected":false},"author":5,"featured_media":5734,"comment_status":"closed","ping_status":"closed","sticky":false,"template":"","format":"standard","meta":{"neve_meta_sidebar":"","neve_meta_container":"","neve_meta_enable_content_width":"","neve_meta_content_width":0,"neve_meta_title_alignment":"","neve_meta_author_avatar":"","neve_post_elements_order":"","neve_meta_disable_header":"","neve_meta_disable_footer":"","neve_meta_disable_title":"","_themeisle_gutenberg_block_has_review":false,"footnotes":""},"categories":[5],"tags":[],"class_list":["post-6079","post","type-post","status-publish","format-standard","has-post-thumbnail","hentry","category-2-mannschaft"],"_links":{"self":[{"href":"https:\/\/mfc08.de\/index.php?rest_route=\/wp\/v2\/posts\/6079","targetHints":{"allow":["GET"]}}],"collection":[{"href":"https:\/\/mfc08.de\/index.php?rest_route=\/wp\/v2\/posts"}],"about":[{"href":"https:\/\/mfc08.de\/index.php?rest_route=\/wp\/v2\/types\/post"}],"author":[{"embeddable":true,"href":"https:\/\/mfc08.de\/index.php?rest_route=\/wp\/v2\/users\/5"}],"replies":[{"embeddable":true,"href":"https:\/\/mfc08.de\/index.php?rest_route=%2Fwp%2Fv2%2Fcomments&post=6079"}],"version-history":[{"count":1,"href":"https:\/\/mfc08.de\/index.php?rest_route=\/wp\/v2\/posts\/6079\/revisions"}],"predecessor-version":[{"id":6080,"href":"https:\/\/mfc08.de\/index.php?rest_route=\/wp\/v2\/posts\/6079\/revisions\/6080"}],"wp:featuredmedia":[{"embeddable":true,"href":"https:\/\/mfc08.de\/index.php?rest_route=\/wp\/v2\/media\/5734"}],"wp:attachment":[{"href":"https:\/\/mfc08.de\/index.php?rest_route=%2Fwp%2Fv2%2Fmedia&parent=6079"}],"wp:term":[{"taxonomy":"category","embeddable":true,"href":"https:\/\/mfc08.de\/index.php?rest_route=%2Fwp%2Fv2%2Fcategories&post=6079"},{"taxonomy":"post_tag","embeddable":true,"href":"https:\/\/mfc08.de\/index.php?rest_route=%2Fwp%2Fv2%2Ftags&post=6079"}],"curies":[{"name":"wp","href":"https:\/\/api.w.org\/{rel}","templated":true}]}}