{"id":6081,"date":"2022-11-06T20:39:06","date_gmt":"2022-11-06T20:39:06","guid":{"rendered":"https:\/\/mfc08.de\/?p=6081"},"modified":"2022-11-06T20:39:08","modified_gmt":"2022-11-06T20:39:08","slug":"tsv-neckarau-mfc-08-lindenhof-24-13","status":"publish","type":"post","link":"https:\/\/mfc08.de\/?p=6081","title":{"rendered":"TSV Neckarau &#8211; MFC 08 Lindenhof 2:4 (1:3)"},"content":{"rendered":"\n<p>Eine gute Reaktion auf die hohe Niederlage letzte Woche und das Pokalaus unter der Woche gegen Rot-Wei\u00df Rheinau (trotz dieser Niederlage hat man sich f\u00fcr den Verbandspokal n\u00e4chste Saison qualifiziert) hat die erste Mannschaft gezeigt, und das Derby beim TSV Neckarau mit 4:2 (3:1) gewonnen<\/p>\n\n\n\n<p>Schon ganz fr\u00fch tauchte Felix Schreckenberger nach einem feinen Pass frei vor dem TSV-Torwart auf, er scheiterte zwar an diesem, aber Yusuf Demirci traf im Nachschuss zur F\u00fchrung. Danach neutralisierten sich beide Teams weitgehend, so dass Strafraumszenen Mangelware blieben. Mitte der ersten Halbzeit konnte sich ein TSV-St\u00fcrmer im Strafraum durchsetzen und zum Ausgleich einschie\u00dfen. Aber unser Team lie\u00df sich davon nicht beeindrucken, Schon kurz sp\u00e4ter versuchte&nbsp; ein TSV-Abwehrspieler einen Pass auf Felix Schreckenberger im Strafraum zu kl\u00e4ren, legte den Ball aber genau auf Aleksandar Markovic, der problemlos zur erneuten F\u00fchrung einschieben konnte. Und erneut nur wenig sp\u00e4ter eroberte Marvin D\u00fcrr den Ball tief in der gegnerischen H\u00e4lfte, legte auf Felix Schreckenberger auf, der aus der Drehung zum 3:1 traf. Kurz vor der Pause bot sich Yusuf Demirci noch die Chance weiter zu erh\u00f6hen, aber er setzte den Ball nach einem gut gespielten Konter neben das Tor. In die zweite Halbzeit starteten die Gastgeber deutlich druckvoller und unserem Team gelang es immer wieder weniger Ruhe ins Spiel zu bekommen und selbst f\u00fcr Entlastung zu sorgen. Die Defensive stand zun\u00e4chst noch recht sicher, aber mit zunehmender Spieldauer kam der TSV auch immer gef\u00e4hrlicher vor das Tor. Hatte man zun\u00e4chst bei einer un\u00fcbersichtlichen Situation im Strafraum noch etwas Gl\u00fcck und konnte mit vereinten Kr\u00e4ften kl\u00e4ren, so trafen die Gastgeber wenig sp\u00e4ter doch zum Anschluss. Zum Gl\u00fcck spielte kurz danach Marvin D\u00fcrr einen Pass auf Yusuf Demirci, der frei vor Torwart cool blieb und auf 4:2 erh\u00f6hte. Doch auch dieser Treffer sorgte nicht f\u00fcr mehr Ruhe im Spiel unseres Teams. Erneut Yusuf Demirci bot sich zwar eine weitere gute Chance, aber diesmal zielte er am langen Eck vorbei., In der Folgezeit spielte weiterhin fast nur noch der TSV und kam auch durchaus zu einigen Chancen, bei denen mehrfach Lucas Neuhof im Tor parieren musste. Kurz vor Schluss landete dann noch ein Kopfball der Gastgeber am Pfosten, so dass es bis zum Schluss beim 4:2 Sieg f\u00fcr unsere Elf blieb<\/p>\n\n\n\n<p>Durch diesen Sieg r\u00fcckte das Team wieder auf Platz 3 vor und hofft nat\u00fcrlich diesen Platz n\u00e4chsten Sonntag im Heimspiel gegen den FC Hochst\u00e4tt T\u00fcrkspor zumindest zu verteidigen<\/p>\n","protected":false},"excerpt":{"rendered":"<p>Eine gute Reaktion auf die hohe Niederlage letzte Woche und das Pokalaus unter der Woche gegen Rot-Wei\u00df Rheinau (trotz dieser Niederlage hat man sich f\u00fcr den Verbandspokal n\u00e4chste Saison qualifiziert) hat die erste Mannschaft gezeigt, und das Derby beim TSV Neckarau mit 4:2 (3:1) gewonnen Schon ganz fr\u00fch tauchte Felix Schreckenberger nach einem feinen Pass&hellip;&nbsp;<a href=\"https:\/\/mfc08.de\/?p=6081\" rel=\"bookmark\">Weiterlesen &raquo;<span class=\"screen-reader-text\">TSV Neckarau &#8211; MFC 08 Lindenhof 2:4 (1:3)<\/span><\/a><\/p>\n","protected":false},"author":5,"featured_media":4689,"comment_status":"closed","ping_status":"closed","sticky":false,"template":"","format":"standard","meta":{"neve_meta_sidebar":"","neve_meta_container":"","neve_meta_enable_content_width":"","neve_meta_content_width":0,"neve_meta_title_alignment":"","neve_meta_author_avatar":"","neve_post_elements_order":"","neve_meta_disable_header":"","neve_meta_disable_footer":"","neve_meta_disable_title":"","_themeisle_gutenberg_block_has_review":false,"footnotes":""},"categories":[3],"tags":[],"class_list":["post-6081","post","type-post","status-publish","format-standard","has-post-thumbnail","hentry","category-1-mannschaft"],"_links":{"self":[{"href":"https:\/\/mfc08.de\/index.php?rest_route=\/wp\/v2\/posts\/6081","targetHints":{"allow":["GET"]}}],"collection":[{"href":"https:\/\/mfc08.de\/index.php?rest_route=\/wp\/v2\/posts"}],"about":[{"href":"https:\/\/mfc08.de\/index.php?rest_route=\/wp\/v2\/types\/post"}],"author":[{"embeddable":true,"href":"https:\/\/mfc08.de\/index.php?rest_route=\/wp\/v2\/users\/5"}],"replies":[{"embeddable":true,"href":"https:\/\/mfc08.de\/index.php?rest_route=%2Fwp%2Fv2%2Fcomments&post=6081"}],"version-history":[{"count":1,"href":"https:\/\/mfc08.de\/index.php?rest_route=\/wp\/v2\/posts\/6081\/revisions"}],"predecessor-version":[{"id":6082,"href":"https:\/\/mfc08.de\/index.php?rest_route=\/wp\/v2\/posts\/6081\/revisions\/6082"}],"wp:featuredmedia":[{"embeddable":true,"href":"https:\/\/mfc08.de\/index.php?rest_route=\/wp\/v2\/media\/4689"}],"wp:attachment":[{"href":"https:\/\/mfc08.de\/index.php?rest_route=%2Fwp%2Fv2%2Fmedia&parent=6081"}],"wp:term":[{"taxonomy":"category","embeddable":true,"href":"https:\/\/mfc08.de\/index.php?rest_route=%2Fwp%2Fv2%2Fcategories&post=6081"},{"taxonomy":"post_tag","embeddable":true,"href":"https:\/\/mfc08.de\/index.php?rest_route=%2Fwp%2Fv2%2Ftags&post=6081"}],"curies":[{"name":"wp","href":"https:\/\/api.w.org\/{rel}","templated":true}]}}