{"id":6104,"date":"2022-11-20T19:41:02","date_gmt":"2022-11-20T19:41:02","guid":{"rendered":"https:\/\/mfc08.de\/?p=6104"},"modified":"2022-11-20T19:41:04","modified_gmt":"2022-11-20T19:41:04","slug":"b-jugend-ist-staffelsieger-der-herbstrunde","status":"publish","type":"post","link":"https:\/\/mfc08.de\/?p=6104","title":{"rendered":"B-Jugend ist Staffelsieger der Herbstrunde"},"content":{"rendered":"\n<p>Wieder einmal schafft eine Jugendmannschaft vom 08\u2019er einen Staffelsieg.<\/p>\n\n\n\n<p>Diesmal schafft es die B-Jugendmannschaft sogar ungeschlagener\u00a0 Staffelsieger der Kreisklasse Staffel 1 zu werden. Mit f\u00fcnf Siegen und ein Unentschieden ist diese eine \u00fcberzeugenden Leistung und die Freude bei allen Spielern und Betreuern riesen gro\u00df.<\/p>\n\n\n\n<p>Wir gratulieren allen Beteiligten und W\u00fcnschen viel Erfolg f\u00fcr die Fr\u00fchjahrsrunde.<\/p>\n","protected":false},"excerpt":{"rendered":"<p>Wieder einmal schafft eine Jugendmannschaft vom 08\u2019er einen Staffelsieg. Diesmal schafft es die B-Jugendmannschaft sogar ungeschlagener\u00a0 Staffelsieger der Kreisklasse Staffel 1 zu werden. Mit f\u00fcnf Siegen und ein Unentschieden ist diese eine \u00fcberzeugenden Leistung und die Freude bei allen Spielern und Betreuern riesen gro\u00df. Wir gratulieren allen Beteiligten und W\u00fcnschen viel Erfolg f\u00fcr die Fr\u00fchjahrsrunde.<\/p>\n","protected":false},"author":9,"featured_media":6105,"comment_status":"closed","ping_status":"closed","sticky":false,"template":"","format":"standard","meta":{"neve_meta_sidebar":"","neve_meta_container":"","neve_meta_enable_content_width":"","neve_meta_content_width":0,"neve_meta_title_alignment":"","neve_meta_author_avatar":"","neve_post_elements_order":"","neve_meta_disable_header":"","neve_meta_disable_footer":"","neve_meta_disable_title":"","_themeisle_gutenberg_block_has_review":false,"footnotes":""},"categories":[11,1],"tags":[],"class_list":["post-6104","post","type-post","status-publish","format-standard","has-post-thumbnail","hentry","category-jugend","category-uncategorized"],"_links":{"self":[{"href":"https:\/\/mfc08.de\/index.php?rest_route=\/wp\/v2\/posts\/6104","targetHints":{"allow":["GET"]}}],"collection":[{"href":"https:\/\/mfc08.de\/index.php?rest_route=\/wp\/v2\/posts"}],"about":[{"href":"https:\/\/mfc08.de\/index.php?rest_route=\/wp\/v2\/types\/post"}],"author":[{"embeddable":true,"href":"https:\/\/mfc08.de\/index.php?rest_route=\/wp\/v2\/users\/9"}],"replies":[{"embeddable":true,"href":"https:\/\/mfc08.de\/index.php?rest_route=%2Fwp%2Fv2%2Fcomments&post=6104"}],"version-history":[{"count":1,"href":"https:\/\/mfc08.de\/index.php?rest_route=\/wp\/v2\/posts\/6104\/revisions"}],"predecessor-version":[{"id":6106,"href":"https:\/\/mfc08.de\/index.php?rest_route=\/wp\/v2\/posts\/6104\/revisions\/6106"}],"wp:featuredmedia":[{"embeddable":true,"href":"https:\/\/mfc08.de\/index.php?rest_route=\/wp\/v2\/media\/6105"}],"wp:attachment":[{"href":"https:\/\/mfc08.de\/index.php?rest_route=%2Fwp%2Fv2%2Fmedia&parent=6104"}],"wp:term":[{"taxonomy":"category","embeddable":true,"href":"https:\/\/mfc08.de\/index.php?rest_route=%2Fwp%2Fv2%2Fcategories&post=6104"},{"taxonomy":"post_tag","embeddable":true,"href":"https:\/\/mfc08.de\/index.php?rest_route=%2Fwp%2Fv2%2Ftags&post=6104"}],"curies":[{"name":"wp","href":"https:\/\/api.w.org\/{rel}","templated":true}]}}