{"id":6123,"date":"2022-11-28T22:44:14","date_gmt":"2022-11-28T22:44:14","guid":{"rendered":"https:\/\/mfc08.de\/?p=6123"},"modified":"2023-01-04T14:40:00","modified_gmt":"2023-01-04T14:40:00","slug":"vereinsweihnachtsfeier","status":"publish","type":"post","link":"https:\/\/mfc08.de\/?p=6123","title":{"rendered":"Vereinsweihnachtsfeier"},"content":{"rendered":"\n<p>Liebe 08er \u2013 nach der langen Corona Pause k\u00f6nnen und wollen wir in diesem Jahr Weihnachten wieder gemeinsam feiern. Und dieses \u201eGemeinsame\u201c innerhalb des Vereins m\u00f6chten wir auch terminlich in den Vordergrund stellen. Daher findet die Jugendweihnachtsfeier, der Adventskaffee f\u00fcr die \u00fcber Sechzigj\u00e4hrigen und die abendliche Weihnachtsfeier f\u00fcr die aktiven Sportler am gleichen Tag statt. Gerne k\u00f6nnen und sollen sich die Gruppen auch begegnen und austauschen, denn gerade in der momentan auch f\u00fcr den Verein durchaus schwierigen Gesamtsituation ist ein \u201eMiteinander\u201c sehr wichtig. &nbsp;<\/p>\n\n\n\n<p>Wir bitten euch, eure jeweiligen Trainer, Betreuer, Abteilungsleiter etc. \u00fcber eure Teilnahme an der Feier zu informieren. Wer keiner aktiven Gruppierung angeh\u00f6rt, kann sich direkt unter <a href=\"mailto:vorstand@mfc08.de\">vorstand@mfc08.de<\/a> per Mail, oder unter der Telefonnummer 01755480228 \u2013 gerne auch per WhatsApp, anmelden.<\/p>\n\n\n\n<p>Bei der Abendveranstaltung, die am Vorplatz der Grillh\u00fctte beginnt, wird der Gl\u00fchwein und ein dazu passendes Bratwurstbr\u00f6tchen seitens des Vereins \u00fcbernommen. Wer im Anschluss im Clubhaus auf eigene Kosten noch essen m\u00f6chte, sollte dies bei der Anmeldung, die sp\u00e4testens bis zum 10.12.2022 erfolgen muss, unbedingt mitteilen.<\/p>\n\n\n\n<p>Wir freuen uns schon jetzt auf einen sch\u00f6nen Tag im Kreise aller 08er.<\/p>\n","protected":false},"excerpt":{"rendered":"<p>Liebe 08er \u2013 nach der langen Corona Pause k\u00f6nnen und wollen wir in diesem Jahr Weihnachten wieder gemeinsam feiern. Und dieses \u201eGemeinsame\u201c innerhalb des Vereins m\u00f6chten wir auch terminlich in den Vordergrund stellen. Daher findet die Jugendweihnachtsfeier, der Adventskaffee f\u00fcr die \u00fcber Sechzigj\u00e4hrigen und die abendliche Weihnachtsfeier f\u00fcr die aktiven Sportler am gleichen Tag statt.&hellip;&nbsp;<a href=\"https:\/\/mfc08.de\/?p=6123\" rel=\"bookmark\">Weiterlesen &raquo;<span class=\"screen-reader-text\">Vereinsweihnachtsfeier<\/span><\/a><\/p>\n","protected":false},"author":2,"featured_media":6122,"comment_status":"closed","ping_status":"closed","sticky":false,"template":"","format":"standard","meta":{"neve_meta_sidebar":"","neve_meta_container":"","neve_meta_enable_content_width":"","neve_meta_content_width":0,"neve_meta_title_alignment":"","neve_meta_author_avatar":"","neve_post_elements_order":"[\"title\",\"meta\",\"tags\",\"comments\",\"thumbnail\",\"content\"]","neve_meta_disable_header":"","neve_meta_disable_footer":"","neve_meta_disable_title":"","_themeisle_gutenberg_block_has_review":false,"footnotes":""},"categories":[1],"tags":[],"class_list":["post-6123","post","type-post","status-publish","format-standard","has-post-thumbnail","hentry","category-uncategorized"],"_links":{"self":[{"href":"https:\/\/mfc08.de\/index.php?rest_route=\/wp\/v2\/posts\/6123","targetHints":{"allow":["GET"]}}],"collection":[{"href":"https:\/\/mfc08.de\/index.php?rest_route=\/wp\/v2\/posts"}],"about":[{"href":"https:\/\/mfc08.de\/index.php?rest_route=\/wp\/v2\/types\/post"}],"author":[{"embeddable":true,"href":"https:\/\/mfc08.de\/index.php?rest_route=\/wp\/v2\/users\/2"}],"replies":[{"embeddable":true,"href":"https:\/\/mfc08.de\/index.php?rest_route=%2Fwp%2Fv2%2Fcomments&post=6123"}],"version-history":[{"count":8,"href":"https:\/\/mfc08.de\/index.php?rest_route=\/wp\/v2\/posts\/6123\/revisions"}],"predecessor-version":[{"id":6196,"href":"https:\/\/mfc08.de\/index.php?rest_route=\/wp\/v2\/posts\/6123\/revisions\/6196"}],"wp:featuredmedia":[{"embeddable":true,"href":"https:\/\/mfc08.de\/index.php?rest_route=\/wp\/v2\/media\/6122"}],"wp:attachment":[{"href":"https:\/\/mfc08.de\/index.php?rest_route=%2Fwp%2Fv2%2Fmedia&parent=6123"}],"wp:term":[{"taxonomy":"category","embeddable":true,"href":"https:\/\/mfc08.de\/index.php?rest_route=%2Fwp%2Fv2%2Fcategories&post=6123"},{"taxonomy":"post_tag","embeddable":true,"href":"https:\/\/mfc08.de\/index.php?rest_route=%2Fwp%2Fv2%2Ftags&post=6123"}],"curies":[{"name":"wp","href":"https:\/\/api.w.org\/{rel}","templated":true}]}}