{"id":6130,"date":"2022-11-27T21:10:25","date_gmt":"2022-11-27T21:10:25","guid":{"rendered":"https:\/\/mfc08.de\/?p=6130"},"modified":"2022-11-27T21:10:27","modified_gmt":"2022-11-27T21:10:27","slug":"mfc-08-lindenhof-sc-rot-weiss-rheinau-21-10","status":"publish","type":"post","link":"https:\/\/mfc08.de\/?p=6130","title":{"rendered":"MFC 08 Lindenhof &#8211; SC Rot-Wei\u00df Rheinau 2:1 (1:0)"},"content":{"rendered":"\n<p>Dank einer starken k\u00e4mpferischen Leistung kam die erste Mannschaft zu einem 2:1 (1:0) Sieg gegen den bis dato ungeschlagenen Tabellenf\u00fchrer Rot-Wei\u00df Rheinau<\/p>\n\n\n\n<p>Die G\u00e4ste zeigten sich von Anfang an sehr ballsicher und konnten sich so eine Feld\u00fcberlegenheit erspielen. Die Defensive hielt aber sehr gut dagegen und konnte die Angriffsbem\u00fchungen immer wieder unterbinden. Bei zwei guten Abschl\u00fcssen der G\u00e4ste hatte man zudem auch das Gl\u00fcck, dass die Sch\u00fcsse das Tor knapp verfehlten. Selbst versucht man aber auch immer wieder offensive Nadelstiche zu setzen. Nach einer halben Stunde gelang dann die F\u00fchrung. Ein Ball aus der Rheinauer Abwehr wurde im Mittelfeld abgefangen, Yusuf Demirci spielte auf Aleksandar Markovic und dessen Schuss landete, leicht abgef\u00e4lscht, zum 1:0 im Netz. Kurz danach fast der Ausgleich ,aber ein Schuss aus kurzer Distanz konnte gerade noch von Michele Cottitto abgeblockt werden. Somit blieb es bis zur Pause bei der knappen F\u00fchrung. Die zweite Halbzeit begann mit einer Schrecksekunde. Nach einer Unachtsamkeit in der Abwehr lief ein Rheinauer St\u00fcrmer frei auf das Tor zu, setzte den Ball aber daneben. In der Folgezeit erh\u00f6hten die G\u00e4ste den Druck und kamen zu einigen Chancen, aber in der Phase erwies sich Lucas Neuhof im Tor als guter R\u00fcckhalt, und zeigte sich mehrfach auf dem Posten. Mit fortw\u00e4hrender Spieldauer konnte man sich wieder etwas von dem Druck befreien und bei einer guten Chance hatte Yusuf Demirci sogar das 2:0 auf dem Fu\u00df, scheiterte aber am Torwart. Genau in dieser Phase gelang den G\u00e4sten dann aber im Anschluss an eine Ecke doch der Ausgleich. Und kurz danach w\u00e4ren sie sogar fast in F\u00fchrung gegangen, aber ein Kopfball aus kurzer Distanz ging knapp \u00fcber das Tor. Stattdessen gelang unsere Team die erneute F\u00fchrung. Tobias Baumann spielte einen Ball auf Felix Schreckenberger, der noch einige Meter lief und dann mit einem satten Schuss von der Strafraumgrenze ins lange Eck zum 2:1 traf. In der Folgezeit stand das Team defensiv sehr sicher und brachte so den 2:1 Erfolg nach Hause. &nbsp;&nbsp;&nbsp;&nbsp;&nbsp;<\/p>\n\n\n\n<p>Das Team beendet somit die Vorrunde mit 35 Punkten auf dem 3. Platz. N\u00e4chste Woche gilt es diese gute Position im ersten R\u00fcckrundenspiel zu Hause gegen den SKV Sandhofen zu verteidigen<\/p>\n","protected":false},"excerpt":{"rendered":"<p>Dank einer starken k\u00e4mpferischen Leistung kam die erste Mannschaft zu einem 2:1 (1:0) Sieg gegen den bis dato ungeschlagenen Tabellenf\u00fchrer Rot-Wei\u00df Rheinau Die G\u00e4ste zeigten sich von Anfang an sehr ballsicher und konnten sich so eine Feld\u00fcberlegenheit erspielen. Die Defensive hielt aber sehr gut dagegen und konnte die Angriffsbem\u00fchungen immer wieder unterbinden. Bei zwei guten&hellip;&nbsp;<a href=\"https:\/\/mfc08.de\/?p=6130\" rel=\"bookmark\">Weiterlesen &raquo;<span class=\"screen-reader-text\">MFC 08 Lindenhof &#8211; SC Rot-Wei\u00df Rheinau 2:1 (1:0)<\/span><\/a><\/p>\n","protected":false},"author":5,"featured_media":4689,"comment_status":"closed","ping_status":"closed","sticky":false,"template":"","format":"standard","meta":{"neve_meta_sidebar":"","neve_meta_container":"","neve_meta_enable_content_width":"","neve_meta_content_width":0,"neve_meta_title_alignment":"","neve_meta_author_avatar":"","neve_post_elements_order":"","neve_meta_disable_header":"","neve_meta_disable_footer":"","neve_meta_disable_title":"","_themeisle_gutenberg_block_has_review":false,"footnotes":""},"categories":[3],"tags":[],"class_list":["post-6130","post","type-post","status-publish","format-standard","has-post-thumbnail","hentry","category-1-mannschaft"],"_links":{"self":[{"href":"https:\/\/mfc08.de\/index.php?rest_route=\/wp\/v2\/posts\/6130","targetHints":{"allow":["GET"]}}],"collection":[{"href":"https:\/\/mfc08.de\/index.php?rest_route=\/wp\/v2\/posts"}],"about":[{"href":"https:\/\/mfc08.de\/index.php?rest_route=\/wp\/v2\/types\/post"}],"author":[{"embeddable":true,"href":"https:\/\/mfc08.de\/index.php?rest_route=\/wp\/v2\/users\/5"}],"replies":[{"embeddable":true,"href":"https:\/\/mfc08.de\/index.php?rest_route=%2Fwp%2Fv2%2Fcomments&post=6130"}],"version-history":[{"count":1,"href":"https:\/\/mfc08.de\/index.php?rest_route=\/wp\/v2\/posts\/6130\/revisions"}],"predecessor-version":[{"id":6131,"href":"https:\/\/mfc08.de\/index.php?rest_route=\/wp\/v2\/posts\/6130\/revisions\/6131"}],"wp:featuredmedia":[{"embeddable":true,"href":"https:\/\/mfc08.de\/index.php?rest_route=\/wp\/v2\/media\/4689"}],"wp:attachment":[{"href":"https:\/\/mfc08.de\/index.php?rest_route=%2Fwp%2Fv2%2Fmedia&parent=6130"}],"wp:term":[{"taxonomy":"category","embeddable":true,"href":"https:\/\/mfc08.de\/index.php?rest_route=%2Fwp%2Fv2%2Fcategories&post=6130"},{"taxonomy":"post_tag","embeddable":true,"href":"https:\/\/mfc08.de\/index.php?rest_route=%2Fwp%2Fv2%2Ftags&post=6130"}],"curies":[{"name":"wp","href":"https:\/\/api.w.org\/{rel}","templated":true}]}}