{"id":6141,"date":"2022-12-04T20:17:07","date_gmt":"2022-12-04T20:17:07","guid":{"rendered":"https:\/\/mfc08.de\/?p=6141"},"modified":"2022-12-04T20:17:09","modified_gmt":"2022-12-04T20:17:09","slug":"mfc-08-lindenhof-skv-sandhofen-22-11","status":"publish","type":"post","link":"https:\/\/mfc08.de\/?p=6141","title":{"rendered":"MFC 08 Lindenhof &#8211; SKV Sandhofen 2:2 (1:1)"},"content":{"rendered":"\n<p>Trotz einst\u00fcndiger \u00dcberzahl musste sich die erste Mannschaft im letzten Heimspiel des Jahres gegen den SKV Sandhofen mit einem 2:2 (1:1) Unentschieden zufrieden geben<\/p>\n\n\n\n<p>Das Spiel begann \u00e4u\u00dferst vielversprechend f\u00fcr unsere Elf. Yusuf Demirci wurde im Strafraum zu Fall gebracht und er verwandelte den f\u00e4lligen Elfmeter selbst zur fr\u00fchen F\u00fchrung. Aber die G\u00e4ste zeigten sich von diesem R\u00fcckstand keineswegs beeindruckt, spielten zielstrebig nach vorne und kamen nach einer Viertelstunde nicht unverdient zum Ausgleich. Auch in der Folgezeit ein ausgeglichenes Spiel mit Chancen auf beiden Seiten. Nach einer halben Stunde schien das Spiel dann wieder in Richtung unseres Teams zu kippen. Nach einem Pass von Yusuf Demirci auf Felix Schreckenberger wurde dieser zu Fall gebracht, der Schiedsrichter wertete dies als Notbremse und zog die rote Karte gegen den Sandhofener Abwehrspieler. Aber bis zur Pause konnte man kein Kapital aus der \u00dcberlegenheit schlagen und so ging es mit dem 1:1 in die Kabinen. Nach dem Wechsel startete die Elf zwar etwas druckvoller, die F\u00fchrung gelang aber den G\u00e4sten. Eine Ecke konnte nicht gut gekl\u00e4rt werden und so konnte ein St\u00fcrmer aus kurzer Distanz das 1:2 erzielen. In der Folge hatte man zwar deutlich mehr Ballbesitz, aber die G\u00e4ste verteidigten clever und so tat man sich schwer wirkliche Chancen zu erspielen. Nach einer Ecke wurde es richtig gef\u00e4hrlich, aber der Schuss von Patrick Pretzer aus kurzer Distanz konnte gerade noch kurz vor der Linie gekl\u00e4rt werden, Dann spielte Ivan Vlaho einen sch\u00f6nen Pass auf Yusuf Demirci und der konnte zum Ausgleich treffen. Auch in der Schlussphase hatte unser Elf deutlich mehr Ballbesitz, aber nur Yusuf Demirci kam noch einmal zum Abschluss, scheiterte aber am Torwart. Somit blieb es bis zum Ende beim 2:2<\/p>\n\n\n\n<p>N\u00e4chste Woche steht noch das letzte Spiel bei der TSG L\u00fctzelsachsen auf dem Programm und hier muss es das Ziel sein, den Abstand auf die vorderen Pl\u00e4tze nicht gr\u00f6sser werden zu lassen &nbsp;<\/p>\n","protected":false},"excerpt":{"rendered":"<p>Trotz einst\u00fcndiger \u00dcberzahl musste sich die erste Mannschaft im letzten Heimspiel des Jahres gegen den SKV Sandhofen mit einem 2:2 (1:1) Unentschieden zufrieden geben Das Spiel begann \u00e4u\u00dferst vielversprechend f\u00fcr unsere Elf. Yusuf Demirci wurde im Strafraum zu Fall gebracht und er verwandelte den f\u00e4lligen Elfmeter selbst zur fr\u00fchen F\u00fchrung. Aber die G\u00e4ste zeigten sich&hellip;&nbsp;<a href=\"https:\/\/mfc08.de\/?p=6141\" rel=\"bookmark\">Weiterlesen &raquo;<span class=\"screen-reader-text\">MFC 08 Lindenhof &#8211; SKV Sandhofen 2:2 (1:1)<\/span><\/a><\/p>\n","protected":false},"author":5,"featured_media":4689,"comment_status":"closed","ping_status":"closed","sticky":false,"template":"","format":"standard","meta":{"neve_meta_sidebar":"","neve_meta_container":"","neve_meta_enable_content_width":"","neve_meta_content_width":0,"neve_meta_title_alignment":"","neve_meta_author_avatar":"","neve_post_elements_order":"","neve_meta_disable_header":"","neve_meta_disable_footer":"","neve_meta_disable_title":"","_themeisle_gutenberg_block_has_review":false,"footnotes":""},"categories":[3],"tags":[],"class_list":["post-6141","post","type-post","status-publish","format-standard","has-post-thumbnail","hentry","category-1-mannschaft"],"_links":{"self":[{"href":"https:\/\/mfc08.de\/index.php?rest_route=\/wp\/v2\/posts\/6141","targetHints":{"allow":["GET"]}}],"collection":[{"href":"https:\/\/mfc08.de\/index.php?rest_route=\/wp\/v2\/posts"}],"about":[{"href":"https:\/\/mfc08.de\/index.php?rest_route=\/wp\/v2\/types\/post"}],"author":[{"embeddable":true,"href":"https:\/\/mfc08.de\/index.php?rest_route=\/wp\/v2\/users\/5"}],"replies":[{"embeddable":true,"href":"https:\/\/mfc08.de\/index.php?rest_route=%2Fwp%2Fv2%2Fcomments&post=6141"}],"version-history":[{"count":1,"href":"https:\/\/mfc08.de\/index.php?rest_route=\/wp\/v2\/posts\/6141\/revisions"}],"predecessor-version":[{"id":6142,"href":"https:\/\/mfc08.de\/index.php?rest_route=\/wp\/v2\/posts\/6141\/revisions\/6142"}],"wp:featuredmedia":[{"embeddable":true,"href":"https:\/\/mfc08.de\/index.php?rest_route=\/wp\/v2\/media\/4689"}],"wp:attachment":[{"href":"https:\/\/mfc08.de\/index.php?rest_route=%2Fwp%2Fv2%2Fmedia&parent=6141"}],"wp:term":[{"taxonomy":"category","embeddable":true,"href":"https:\/\/mfc08.de\/index.php?rest_route=%2Fwp%2Fv2%2Fcategories&post=6141"},{"taxonomy":"post_tag","embeddable":true,"href":"https:\/\/mfc08.de\/index.php?rest_route=%2Fwp%2Fv2%2Ftags&post=6141"}],"curies":[{"name":"wp","href":"https:\/\/api.w.org\/{rel}","templated":true}]}}