{"id":6144,"date":"2022-12-11T20:24:32","date_gmt":"2022-12-11T20:24:32","guid":{"rendered":"https:\/\/mfc08.de\/?p=6144"},"modified":"2022-12-11T20:24:33","modified_gmt":"2022-12-11T20:24:33","slug":"tsg-luetzelsachsen-mfc-08-lindenhof-12-10","status":"publish","type":"post","link":"https:\/\/mfc08.de\/?p=6144","title":{"rendered":"TSG L\u00fctzelsachsen &#8211; MFC 08 Lindenhof 1:2 (1:0)"},"content":{"rendered":"\n<p>TSG L\u00fctzelsachsen &#8211; MFC 08 Lindenhof 1:2 (1:0)<\/p>\n\n\n\n<p>Mit einem hart erk\u00e4mpften 2:1 (0:1) Sieg endete das letzte Spiel der ersten Mannschaft vor der Winterpause bei der TSG L\u00fctzelsachsen<\/p>\n\n\n\n<p>In einer weitgehend ausgeglichenen ersten Halbzeit hatte unsere Elf durchaus auch ihre Chancen, die F\u00fchrung gelang jedoch kurz vor der Pause den Gastgebern. Optimal verlief die Anfangsphase der zweiten Halbzeit. Zun\u00e4chst gelang Felix Schreckenberger der schnelle Ausgleich und nur wenig traf Yusuf Demirci zur 2:1 F\u00fchrung. In der Folgezeit entwickelte sich ein offener Schlagabtausch. L\u00fctzelsachsen machte Druck und unter anderem mit 3 Aluminium-Treffern auch etwas Pech, aber auch unser Team hatte durchaus Chancen die F\u00fchrung auszubauen. Da aber kein weiterer Treffer mehr fiel blieb es bis zum Ende bei dem knappen 2:1<\/p>\n\n\n\n<p>Die Mannschaft beendet das Jahr somit auf dem 3. Tabellenplatz und ist immer noch in Lauerstellung auf einen der ersten beiden Pl\u00e4tze, auch wenn der R\u00fcckstand auf Rot-Wei\u00df Rheinau bereits 6 Punkte betr\u00e4gt, auf den FK Srbija Mannheim 5 Punkte. Mut macht vor allem auch die Tatsache, dass man beide Mannschaften in der Vorrunde schlagen konnte &nbsp;&nbsp;&nbsp;<\/p>\n","protected":false},"excerpt":{"rendered":"<p>TSG L\u00fctzelsachsen &#8211; MFC 08 Lindenhof 1:2 (1:0) Mit einem hart erk\u00e4mpften 2:1 (0:1) Sieg endete das letzte Spiel der ersten Mannschaft vor der Winterpause bei der TSG L\u00fctzelsachsen In einer weitgehend ausgeglichenen ersten Halbzeit hatte unsere Elf durchaus auch ihre Chancen, die F\u00fchrung gelang jedoch kurz vor der Pause den Gastgebern. Optimal verlief die&hellip;&nbsp;<a href=\"https:\/\/mfc08.de\/?p=6144\" rel=\"bookmark\">Weiterlesen &raquo;<span class=\"screen-reader-text\">TSG L\u00fctzelsachsen &#8211; MFC 08 Lindenhof 1:2 (1:0)<\/span><\/a><\/p>\n","protected":false},"author":5,"featured_media":4689,"comment_status":"closed","ping_status":"closed","sticky":false,"template":"","format":"standard","meta":{"neve_meta_sidebar":"","neve_meta_container":"","neve_meta_enable_content_width":"","neve_meta_content_width":0,"neve_meta_title_alignment":"","neve_meta_author_avatar":"","neve_post_elements_order":"","neve_meta_disable_header":"","neve_meta_disable_footer":"","neve_meta_disable_title":"","_themeisle_gutenberg_block_has_review":false,"footnotes":""},"categories":[3],"tags":[],"class_list":["post-6144","post","type-post","status-publish","format-standard","has-post-thumbnail","hentry","category-1-mannschaft"],"_links":{"self":[{"href":"https:\/\/mfc08.de\/index.php?rest_route=\/wp\/v2\/posts\/6144","targetHints":{"allow":["GET"]}}],"collection":[{"href":"https:\/\/mfc08.de\/index.php?rest_route=\/wp\/v2\/posts"}],"about":[{"href":"https:\/\/mfc08.de\/index.php?rest_route=\/wp\/v2\/types\/post"}],"author":[{"embeddable":true,"href":"https:\/\/mfc08.de\/index.php?rest_route=\/wp\/v2\/users\/5"}],"replies":[{"embeddable":true,"href":"https:\/\/mfc08.de\/index.php?rest_route=%2Fwp%2Fv2%2Fcomments&post=6144"}],"version-history":[{"count":1,"href":"https:\/\/mfc08.de\/index.php?rest_route=\/wp\/v2\/posts\/6144\/revisions"}],"predecessor-version":[{"id":6145,"href":"https:\/\/mfc08.de\/index.php?rest_route=\/wp\/v2\/posts\/6144\/revisions\/6145"}],"wp:featuredmedia":[{"embeddable":true,"href":"https:\/\/mfc08.de\/index.php?rest_route=\/wp\/v2\/media\/4689"}],"wp:attachment":[{"href":"https:\/\/mfc08.de\/index.php?rest_route=%2Fwp%2Fv2%2Fmedia&parent=6144"}],"wp:term":[{"taxonomy":"category","embeddable":true,"href":"https:\/\/mfc08.de\/index.php?rest_route=%2Fwp%2Fv2%2Fcategories&post=6144"},{"taxonomy":"post_tag","embeddable":true,"href":"https:\/\/mfc08.de\/index.php?rest_route=%2Fwp%2Fv2%2Ftags&post=6144"}],"curies":[{"name":"wp","href":"https:\/\/api.w.org\/{rel}","templated":true}]}}