{"id":6153,"date":"2022-12-15T14:11:07","date_gmt":"2022-12-15T14:11:07","guid":{"rendered":"https:\/\/mfc08.de\/?p=6153"},"modified":"2022-12-15T14:21:35","modified_gmt":"2022-12-15T14:21:35","slug":"roundnet-einzug-in-die-playoffs-zum-aufstieg-in-die-1-bundesliga","status":"publish","type":"post","link":"https:\/\/mfc08.de\/?p=6153","title":{"rendered":"Roundnet: Einzug in die Playoffs zum Aufstieg in die 1. Bundesliga"},"content":{"rendered":"\n<p>Nach einem ereignisreichen Sommer sind die Mosquitos des MFC erfolgreich in die Hallenliga gestartet. Nach drei Spieltagen konnte sich das 1. Mannheimer Team einen der hei\u00df begehrten Pl\u00e4tze in den Playoffs sichern, wo es im neuen Jahr um den Aufstieg in die 1. Roundnet Bundesliga gehen wird.<\/p>\n\n\n\n<p>Die Hallenliga findet nun schon im dritten Jahr statt und wird dieses Jahr zum ersten Mal in drei getrennten Ligen gespielt: 1. BL, 2. BL und Regionalliga. Bei den einzelnen Spieltagen treffen 4 Teams aus verschiedenen St\u00e4dten\/Communities aufeinander und spielen in 2 M\u00e4nner-Matches, 2 Mixed-Matches und einem Frauen-Match um den Sieg im jeweiligen St\u00e4dte-Duell. Alle Begegnungen werden nach 3 Spieltagen in einer Tabelle zusammengefasst.<\/p>\n\n\n\n<figure class=\"wp-block-gallery has-nested-images columns-default is-cropped wp-block-gallery-1 is-layout-flex wp-block-gallery-is-layout-flex\">\n<figure class=\"wp-block-image size-large\"><img decoding=\"async\" data-id=\"6160\" src=\"https:\/\/mfc08.de\/wp-content\/uploads\/2022\/12\/20221022_110348_small-1024x768.jpg\" alt=\"\" class=\"wp-image-6160\"\/><figcaption class=\"wp-element-caption\">Erster Spieltag<\/figcaption><\/figure>\n\n\n\n<figure class=\"wp-block-image size-large\"><img fetchpriority=\"high\" decoding=\"async\" width=\"1024\" height=\"768\" data-id=\"6158\" src=\"https:\/\/mfc08.de\/wp-content\/uploads\/2022\/12\/20221119_123125_small-1024x768.jpg\" alt=\"\" class=\"wp-image-6158\" srcset=\"https:\/\/mfc08.de\/wp-content\/uploads\/2022\/12\/20221119_123125_small-1024x768.jpg 1024w, https:\/\/mfc08.de\/wp-content\/uploads\/2022\/12\/20221119_123125_small-300x225.jpg 300w, https:\/\/mfc08.de\/wp-content\/uploads\/2022\/12\/20221119_123125_small-768x576.jpg 768w, https:\/\/mfc08.de\/wp-content\/uploads\/2022\/12\/20221119_123125_small-1536x1152.jpg 1536w, https:\/\/mfc08.de\/wp-content\/uploads\/2022\/12\/20221119_123125_small.jpg 2000w\" sizes=\"(max-width: 1024px) 100vw, 1024px\" \/><figcaption class=\"wp-element-caption\">Zweiter Spieltag<\/figcaption><\/figure>\n\n\n\n<figure class=\"wp-block-image size-large\"><img decoding=\"async\" width=\"1024\" height=\"768\" data-id=\"6159\" src=\"https:\/\/mfc08.de\/wp-content\/uploads\/2022\/12\/20221210_110656_small-1024x768.jpg\" alt=\"\" class=\"wp-image-6159\" srcset=\"https:\/\/mfc08.de\/wp-content\/uploads\/2022\/12\/20221210_110656_small-1024x768.jpg 1024w, https:\/\/mfc08.de\/wp-content\/uploads\/2022\/12\/20221210_110656_small-300x225.jpg 300w, https:\/\/mfc08.de\/wp-content\/uploads\/2022\/12\/20221210_110656_small-768x576.jpg 768w, https:\/\/mfc08.de\/wp-content\/uploads\/2022\/12\/20221210_110656_small-1536x1152.jpg 1536w, https:\/\/mfc08.de\/wp-content\/uploads\/2022\/12\/20221210_110656_small.jpg 2000w\" sizes=\"(max-width: 1024px) 100vw, 1024px\" \/><figcaption class=\"wp-element-caption\">Dritter Spieltag<\/figcaption><\/figure>\n<\/figure>\n\n\n\n<p>Unser Team: Larissa Haas, Vi Nguyen, Jessica Peters, Benedikt Brockard, Erik Fauestle, Martin Hilsheimer, Kris K\u00fchnel, Giuseppe Spataro, Tim Stadler<\/p>\n\n\n\n<div class=\"wp-block-columns is-layout-flex wp-container-core-columns-is-layout-9d6595d7 wp-block-columns-is-layout-flex\">\n<div class=\"wp-block-column is-layout-flow wp-block-column-is-layout-flow\">\n<figure class=\"wp-block-image size-full\"><img decoding=\"async\" width=\"634\" height=\"590\" src=\"https:\/\/mfc08.de\/wp-content\/uploads\/2022\/12\/Screenshot-2022-12-15-at-14.40.08.png\" alt=\"\" class=\"wp-image-6154\" srcset=\"https:\/\/mfc08.de\/wp-content\/uploads\/2022\/12\/Screenshot-2022-12-15-at-14.40.08.png 634w, https:\/\/mfc08.de\/wp-content\/uploads\/2022\/12\/Screenshot-2022-12-15-at-14.40.08-300x279.png 300w\" sizes=\"(max-width: 634px) 100vw, 634px\" \/><\/figure>\n<\/div>\n\n\n\n<div class=\"wp-block-column is-layout-flow wp-block-column-is-layout-flow\">\n<p>Den ersten Spieltag in W\u00fcrzburg konnten wir insgesamt klar f\u00fcr uns entscheiden. Gegen Karlsruhe 2 und Jena gewannen wir glatt mit 5:0 Spielen (10:0 S\u00e4tze). Gegen W\u00fcrzburg taten wir uns etwas schwerer, in 4 von 5 Spielen mussten wir in den 3. Satz, den wir nur zwei Mal f\u00fcr uns entscheiden konnten. Leider stand am Ende &#8222;nur&#8220; ein 2:3 (8:6) gegen W\u00fcrzburg, bei dem uns aber ein Sieg unserer M\u00e4nner f\u00fcr immer in Erinnerung bleiben wird: Unsere Jungspunde Bene und Erik schafften es, sich gegen die beiden &#8222;Pro&#8220;-Spieler Niklas und Konni (einer der Nationalmannschafts-Trainer) zu behaupten und mit spektakul\u00e4ren Aktionen das Spiel f\u00fcr sich zu entscheiden. (Mehr dazu auf Instagram)<\/p>\n<\/div>\n<\/div>\n\n\n\n<div class=\"wp-block-columns is-layout-flex wp-container-core-columns-is-layout-9d6595d7 wp-block-columns-is-layout-flex\">\n<div class=\"wp-block-column is-layout-flow wp-block-column-is-layout-flow\">\n<p>Der zweite Spieltag (ebenfalls in W\u00fcrzburg) war leider von Krankheit und Ausf\u00e4llen gepr\u00e4gt. Gegen die starken &#8222;DoktorStuten&#8220; aus Darmstadt und Stuttgart mussten wir uns mit einem 5:0 (10:2) geschlagen geben. Auch die Begegnung gegen W\u00fcrzburg fiel dieses Mal mit 4:1 (8:2) deutlicher aus. Einzig gegen M\u00fcnchen IV konnten wir uns behaupten und mit einem 2:3 (6:7) ein paar wichtige Punkte sammeln.<\/p>\n<\/div>\n\n\n\n<div class=\"wp-block-column is-layout-flow wp-block-column-is-layout-flow\">\n<figure class=\"wp-block-image size-full\"><img loading=\"lazy\" decoding=\"async\" width=\"630\" height=\"583\" src=\"https:\/\/mfc08.de\/wp-content\/uploads\/2022\/12\/Screenshot-2022-12-15-at-14.40.31.png\" alt=\"\" class=\"wp-image-6155\" srcset=\"https:\/\/mfc08.de\/wp-content\/uploads\/2022\/12\/Screenshot-2022-12-15-at-14.40.31.png 630w, https:\/\/mfc08.de\/wp-content\/uploads\/2022\/12\/Screenshot-2022-12-15-at-14.40.31-300x278.png 300w\" sizes=\"(max-width: 630px) 100vw, 630px\" \/><\/figure>\n<\/div>\n<\/div>\n\n\n\n<div class=\"wp-block-columns is-layout-flex wp-container-core-columns-is-layout-9d6595d7 wp-block-columns-is-layout-flex\">\n<div class=\"wp-block-column is-layout-flow wp-block-column-is-layout-flow\">\n<figure class=\"wp-block-image size-full\"><img loading=\"lazy\" decoding=\"async\" width=\"629\" height=\"586\" src=\"https:\/\/mfc08.de\/wp-content\/uploads\/2022\/12\/Screenshot-2022-12-15-at-14.41.51.png\" alt=\"\" class=\"wp-image-6156\" srcset=\"https:\/\/mfc08.de\/wp-content\/uploads\/2022\/12\/Screenshot-2022-12-15-at-14.41.51.png 629w, https:\/\/mfc08.de\/wp-content\/uploads\/2022\/12\/Screenshot-2022-12-15-at-14.41.51-300x279.png 300w\" sizes=\"(max-width: 629px) 100vw, 629px\" \/><\/figure>\n<\/div>\n\n\n\n<div class=\"wp-block-column is-layout-flow wp-block-column-is-layout-flow\">\n<p>Am dritten Spieltag ging es f\u00fcr uns nun um alles und insbesondere darum, uns die M\u00f6glichkeit zum Aufstieg zu erhalten. Die erste Begegnung gegen Mainz war gleich die Schwerste und obwohl wir mit 7:6 mehr S\u00e4tze f\u00fcr uns gewinnen konnten, verloren wir 2:3 in Spielen. Die zweite Begegnung gegen &#8222;Das Pferd hei\u00dft Sarafina&#8220; aus Stuttgart konnten wir wortw\u00f6rtlich erst in letzter Sekunde f\u00fcr uns gewinnen. Nachdem es 2:2 in Spielen stand, musste noch das letzte Mixed-Spiel ausgetragen werden, dort stand es dann im 3. Satz 20:20. Die Regeln besagen, dass ein Punktestand von 21 das &#8222;Hardcap&#8220; erreicht ist, dass also das Team gewinnt, dass zuerst 21 Punkte erreicht, unabh\u00e4ngig ob dabei ein Abstand von 2 Punkten zum gegnerischen Team erreicht wurde. Gl\u00fccklicherweise konnten Larissa und Kris sich diesen letzten, wichtigen Punkt sichern und gewannen somit die Begegnung f\u00fcr Mannheim. Damit stand fest: Gegen Karlsruhe 2 musste ein glatter Sieg her, damit wir in die Playoffs einziehen konnten. Es bestand keinerlei Zweifel daran, dass wir das schaffen konnten, und so beendeten wir das Derby mit 5:0 (10:0).<\/p>\n<\/div>\n<\/div>\n\n\n\n<p>Somit beendet unser erstes Team die Vorrunde auf Tabellenplatz 13 (von 41), somit spielen wir im Januar um den Aufstieg in die erste Bundesliga (!!!). Dort werden wir uns (wahrscheinlich, noch nicht best\u00e4tigt) gegen die Teams aus Erlangen, M\u00fcnchen (2) und Hannover behaupten m\u00fcssen. Alle Ergebnisse k\u00f6nnen auch Live auf der Playerzone eingesehen werden: <a rel=\"noreferrer noopener\" href=\"https:\/\/playerzone.roundnetgermany.de\/tournaments\/177-2023-03-11-deutsche-roundnet-liga-2022-23\/schedule\/mixed-650-hauptgruppe?type=ranking\" target=\"_blank\">https:\/\/playerzone.roundnetgermany.de\/tournaments\/177-2023-03-11-deutsche-roundnet-liga-2022-23\/schedule\/mixed-650-hauptgruppe?type=ranking<\/a> <\/p>\n\n\n\n<figure class=\"wp-block-image size-full\"><img loading=\"lazy\" decoding=\"async\" width=\"634\" height=\"932\" src=\"https:\/\/mfc08.de\/wp-content\/uploads\/2022\/12\/Screenshot-2022-12-15-at-14.53.22.png\" alt=\"\" class=\"wp-image-6157\" srcset=\"https:\/\/mfc08.de\/wp-content\/uploads\/2022\/12\/Screenshot-2022-12-15-at-14.53.22.png 634w, https:\/\/mfc08.de\/wp-content\/uploads\/2022\/12\/Screenshot-2022-12-15-at-14.53.22-204x300.png 204w\" sizes=\"(max-width: 634px) 100vw, 634px\" \/><\/figure>\n","protected":false},"excerpt":{"rendered":"<p>Nach einem ereignisreichen Sommer sind die Mosquitos des MFC erfolgreich in die Hallenliga gestartet. Nach drei Spieltagen konnte sich das 1. Mannheimer Team einen der hei\u00df begehrten Pl\u00e4tze in den Playoffs sichern, wo es im neuen Jahr um den Aufstieg in die 1. Roundnet Bundesliga gehen wird. Die Hallenliga findet nun schon im dritten Jahr&hellip;&nbsp;<a href=\"https:\/\/mfc08.de\/?p=6153\" rel=\"bookmark\">Weiterlesen &raquo;<span class=\"screen-reader-text\">Roundnet: Einzug in die Playoffs zum Aufstieg in die 1. Bundesliga<\/span><\/a><\/p>\n","protected":false},"author":10,"featured_media":6159,"comment_status":"closed","ping_status":"closed","sticky":false,"template":"","format":"standard","meta":{"neve_meta_sidebar":"","neve_meta_container":"","neve_meta_enable_content_width":"","neve_meta_content_width":0,"neve_meta_title_alignment":"","neve_meta_author_avatar":"","neve_post_elements_order":"","neve_meta_disable_header":"","neve_meta_disable_footer":"","neve_meta_disable_title":"","_themeisle_gutenberg_block_has_review":false,"footnotes":""},"categories":[17],"tags":[],"class_list":["post-6153","post","type-post","status-publish","format-standard","has-post-thumbnail","hentry","category-roundnet"],"_links":{"self":[{"href":"https:\/\/mfc08.de\/index.php?rest_route=\/wp\/v2\/posts\/6153","targetHints":{"allow":["GET"]}}],"collection":[{"href":"https:\/\/mfc08.de\/index.php?rest_route=\/wp\/v2\/posts"}],"about":[{"href":"https:\/\/mfc08.de\/index.php?rest_route=\/wp\/v2\/types\/post"}],"author":[{"embeddable":true,"href":"https:\/\/mfc08.de\/index.php?rest_route=\/wp\/v2\/users\/10"}],"replies":[{"embeddable":true,"href":"https:\/\/mfc08.de\/index.php?rest_route=%2Fwp%2Fv2%2Fcomments&post=6153"}],"version-history":[{"count":3,"href":"https:\/\/mfc08.de\/index.php?rest_route=\/wp\/v2\/posts\/6153\/revisions"}],"predecessor-version":[{"id":6164,"href":"https:\/\/mfc08.de\/index.php?rest_route=\/wp\/v2\/posts\/6153\/revisions\/6164"}],"wp:featuredmedia":[{"embeddable":true,"href":"https:\/\/mfc08.de\/index.php?rest_route=\/wp\/v2\/media\/6159"}],"wp:attachment":[{"href":"https:\/\/mfc08.de\/index.php?rest_route=%2Fwp%2Fv2%2Fmedia&parent=6153"}],"wp:term":[{"taxonomy":"category","embeddable":true,"href":"https:\/\/mfc08.de\/index.php?rest_route=%2Fwp%2Fv2%2Fcategories&post=6153"},{"taxonomy":"post_tag","embeddable":true,"href":"https:\/\/mfc08.de\/index.php?rest_route=%2Fwp%2Fv2%2Ftags&post=6153"}],"curies":[{"name":"wp","href":"https:\/\/api.w.org\/{rel}","templated":true}]}}