{"id":6211,"date":"2023-02-06T11:37:56","date_gmt":"2023-02-06T11:37:56","guid":{"rendered":"https:\/\/mfc08.de\/?p=6211"},"modified":"2023-02-06T12:25:19","modified_gmt":"2023-02-06T12:25:19","slug":"fasnacht-2023","status":"publish","type":"post","link":"https:\/\/mfc08.de\/?p=6211","title":{"rendered":"Fasnacht 2023"},"content":{"rendered":"\n<p>Weit \u00fcber 200 anwesende 08er und Freunde haben am Samstag, den 4.2.2023 eine tolle Party gefeiert. Nach 2 Jahren Pause durfte endlich wieder geschunkelt, gelacht und getanzt werden. Allen Beteiligten, sowohl auf der B\u00fchne als auch im Publikum merkte man deutlich die Freude an, nach langer Zeit wieder gemeinsam richtig Spa\u00df haben zu k\u00f6nnen. Die Altersspanne des Publikums von unter 18 bis \u00fcber 70 Jahre war absolut kein Problem, im Gegenteil, es macht ein St\u00fcck weit die Besonderheit einer Vereinsfasnachtsveranstaltung aus. Bei der folgenden \u201eAftershow Party\u201c tanzten und feierten die verschiedenen Gruppierungen des Vereins gemeinsam bis in die fr\u00fchen Morgenstunden. <br>Der folgenden WhatsApp Nachricht eines anwesenden Gastes gibt es nichts mehr hinzuzuf\u00fcgen.<br><br>\u00dcberragende Veranstaltung! Soweit ich mich erinnern kann! &#x1f605;&#x1f973;&#x1f921; 08 lebt! &#x1f64c;&#x1f3fb;<br><br><br>Hier noch ein kleiner Eindruck \u00fcber die Stimmung des Abends.<br><\/p>\n\n\n\n<figure class=\"wp-block-video\"><video height=\"848\" style=\"aspect-ratio: 480 \/ 848;\" width=\"480\" controls src=\"https:\/\/mfc08.de\/wp-content\/uploads\/2023\/02\/Fasnacht2023.mp4\"><\/video><\/figure>\n","protected":false},"excerpt":{"rendered":"<p>Weit \u00fcber 200 anwesende 08er und Freunde haben am Samstag, den 4.2.2023 eine tolle Party gefeiert. Nach 2 Jahren Pause durfte endlich wieder geschunkelt, gelacht und getanzt werden. Allen Beteiligten, sowohl auf der B\u00fchne als auch im Publikum merkte man deutlich die Freude an, nach langer Zeit wieder gemeinsam richtig Spa\u00df haben zu k\u00f6nnen. Die&hellip;&nbsp;<a href=\"https:\/\/mfc08.de\/?p=6211\" rel=\"bookmark\">Weiterlesen &raquo;<span class=\"screen-reader-text\">Fasnacht 2023<\/span><\/a><\/p>\n","protected":false},"author":2,"featured_media":6218,"comment_status":"closed","ping_status":"closed","sticky":false,"template":"","format":"standard","meta":{"neve_meta_sidebar":"","neve_meta_container":"","neve_meta_enable_content_width":"","neve_meta_content_width":0,"neve_meta_title_alignment":"","neve_meta_author_avatar":"","neve_post_elements_order":"","neve_meta_disable_header":"","neve_meta_disable_footer":"","neve_meta_disable_title":"","_themeisle_gutenberg_block_has_review":false,"footnotes":""},"categories":[1],"tags":[],"class_list":["post-6211","post","type-post","status-publish","format-standard","has-post-thumbnail","hentry","category-uncategorized"],"_links":{"self":[{"href":"https:\/\/mfc08.de\/index.php?rest_route=\/wp\/v2\/posts\/6211","targetHints":{"allow":["GET"]}}],"collection":[{"href":"https:\/\/mfc08.de\/index.php?rest_route=\/wp\/v2\/posts"}],"about":[{"href":"https:\/\/mfc08.de\/index.php?rest_route=\/wp\/v2\/types\/post"}],"author":[{"embeddable":true,"href":"https:\/\/mfc08.de\/index.php?rest_route=\/wp\/v2\/users\/2"}],"replies":[{"embeddable":true,"href":"https:\/\/mfc08.de\/index.php?rest_route=%2Fwp%2Fv2%2Fcomments&post=6211"}],"version-history":[{"count":6,"href":"https:\/\/mfc08.de\/index.php?rest_route=\/wp\/v2\/posts\/6211\/revisions"}],"predecessor-version":[{"id":6227,"href":"https:\/\/mfc08.de\/index.php?rest_route=\/wp\/v2\/posts\/6211\/revisions\/6227"}],"wp:featuredmedia":[{"embeddable":true,"href":"https:\/\/mfc08.de\/index.php?rest_route=\/wp\/v2\/media\/6218"}],"wp:attachment":[{"href":"https:\/\/mfc08.de\/index.php?rest_route=%2Fwp%2Fv2%2Fmedia&parent=6211"}],"wp:term":[{"taxonomy":"category","embeddable":true,"href":"https:\/\/mfc08.de\/index.php?rest_route=%2Fwp%2Fv2%2Fcategories&post=6211"},{"taxonomy":"post_tag","embeddable":true,"href":"https:\/\/mfc08.de\/index.php?rest_route=%2Fwp%2Fv2%2Ftags&post=6211"}],"curies":[{"name":"wp","href":"https:\/\/api.w.org\/{rel}","templated":true}]}}