{"id":6319,"date":"2023-02-26T18:36:44","date_gmt":"2023-02-26T18:36:44","guid":{"rendered":"https:\/\/mfc08.de\/?p=6319"},"modified":"2023-02-26T18:36:45","modified_gmt":"2023-02-26T18:36:45","slug":"mfc-08-lindenhof-sg-oftersheim-22-00","status":"publish","type":"post","link":"https:\/\/mfc08.de\/?p=6319","title":{"rendered":"MFC 08 Lindenhof &#8211; SG Oftersheim 2:2 (0:0)"},"content":{"rendered":"\n<p>Mit einem entt\u00e4uschenden 2:2 (0:0) Unentschieden gegen den Tabellenletzten SG Oftersheim endete das erste Spiel im neuen Jahr<\/p>\n\n\n\n<p>Unsere Mannschaft zwar von Anfang an mit mehr Ballbesitz, aber man tat sich schwer Torgehfahr zu entwickeln und die G\u00e4ste versteckten sich keineswegs, sondern suchten auch immer wieder den Weg nach vorne. Die erste gute Chance bot sich Kevin Heck, doch er scheiterte nach einer feinen Einzelleistung am Oftersheimer Torwart. Kurz danach bot sich Ivan Vlaho eine gute Kopfballchance, aber auch er konnte den Torwart nicht bezwingen. In der Folge ergaben sich Gelegenheiten nur noch bei einigen Fernsch\u00fcssen die allerdings nicht ihr Ziel fanden. Kurz vor der Pause bot sich Oftersheim noch eine gute Chance als ein St\u00fcrmer frei im Strafraum zum Schuss kam, aber er zielte etwas zu hoch. Somit ging es torlos in die Pause, Gleich nach Wiederanpfiff bot sich Aleksandar Markovic die gro\u00dfe Chance zur F\u00fchrung, aber sein Schuss wurde kurz vor der Linie gekl\u00e4rt. Wenig sp\u00e4ter war es dann aber soweit. Eine Ecke von Yusuf Demirci verl\u00e4ngerte der Winter-Neuzugang Daniel Zimmerman per Kopf zur F\u00fchrung ins Netz. Aber leider gab diese F\u00fchrung keine Sicherheit, im Gegenteil die G\u00e4ste kamen jetzt besser ins Spiel. Nach einem Freisto\u00df konnte Lucas Neuhof einen Kopfball aus k\u00fcrzester Distanz noch entsch\u00e4rfen, aber wenig sp\u00e4ter kam Oftersheim ebenfalls nach einem Eckball zum Ausgleich. Die gr\u00f6\u00dfte Chance zur erneuten F\u00fchrung bot sich wiederum &nbsp;Aleksandar Markovic, aber er setzte einen Querpass von Yusuf Demirci knapp neben das Tor. Und fast im Gegenzug spielten die G\u00e4ste einen Konter sehr sch\u00f6n zu Ende, so dass ein St\u00fcrmer freistehend aus kurzer Distanz das 1:2 erzielen konnte. Als der Torwart einen Schuss von Aleksandar Markovic stark parieren konnte, deutete alles auf eine Niederlage hin, aber in der letzten Minute konnte Yusuf Demirci nach einem langen Ball den Torwart doch noch zum 2:2 \u00fcberwinden und sicherte somit zumindest einen Punkt.<\/p>\n\n\n\n<p>N\u00e4chste Woche ist die Elf spielfrei, bestreitet aber am Samstag ein interessantes Freundschaftsspiel gegen die A-Jugend der Wormatia Worms. Um Punkte geht es dann wieder in 14 Tagen gegen die Spvgg Wallstadt &nbsp;&nbsp;&nbsp;<\/p>\n","protected":false},"excerpt":{"rendered":"<p>Mit einem entt\u00e4uschenden 2:2 (0:0) Unentschieden gegen den Tabellenletzten SG Oftersheim endete das erste Spiel im neuen Jahr Unsere Mannschaft zwar von Anfang an mit mehr Ballbesitz, aber man tat sich schwer Torgehfahr zu entwickeln und die G\u00e4ste versteckten sich keineswegs, sondern suchten auch immer wieder den Weg nach vorne. Die erste gute Chance bot&hellip;&nbsp;<a href=\"https:\/\/mfc08.de\/?p=6319\" rel=\"bookmark\">Weiterlesen &raquo;<span class=\"screen-reader-text\">MFC 08 Lindenhof &#8211; SG Oftersheim 2:2 (0:0)<\/span><\/a><\/p>\n","protected":false},"author":5,"featured_media":4689,"comment_status":"closed","ping_status":"closed","sticky":false,"template":"","format":"standard","meta":{"neve_meta_sidebar":"","neve_meta_container":"","neve_meta_enable_content_width":"","neve_meta_content_width":0,"neve_meta_title_alignment":"","neve_meta_author_avatar":"","neve_post_elements_order":"","neve_meta_disable_header":"","neve_meta_disable_footer":"","neve_meta_disable_title":"","_themeisle_gutenberg_block_has_review":false,"footnotes":""},"categories":[3],"tags":[],"class_list":["post-6319","post","type-post","status-publish","format-standard","has-post-thumbnail","hentry","category-1-mannschaft"],"_links":{"self":[{"href":"https:\/\/mfc08.de\/index.php?rest_route=\/wp\/v2\/posts\/6319","targetHints":{"allow":["GET"]}}],"collection":[{"href":"https:\/\/mfc08.de\/index.php?rest_route=\/wp\/v2\/posts"}],"about":[{"href":"https:\/\/mfc08.de\/index.php?rest_route=\/wp\/v2\/types\/post"}],"author":[{"embeddable":true,"href":"https:\/\/mfc08.de\/index.php?rest_route=\/wp\/v2\/users\/5"}],"replies":[{"embeddable":true,"href":"https:\/\/mfc08.de\/index.php?rest_route=%2Fwp%2Fv2%2Fcomments&post=6319"}],"version-history":[{"count":1,"href":"https:\/\/mfc08.de\/index.php?rest_route=\/wp\/v2\/posts\/6319\/revisions"}],"predecessor-version":[{"id":6320,"href":"https:\/\/mfc08.de\/index.php?rest_route=\/wp\/v2\/posts\/6319\/revisions\/6320"}],"wp:featuredmedia":[{"embeddable":true,"href":"https:\/\/mfc08.de\/index.php?rest_route=\/wp\/v2\/media\/4689"}],"wp:attachment":[{"href":"https:\/\/mfc08.de\/index.php?rest_route=%2Fwp%2Fv2%2Fmedia&parent=6319"}],"wp:term":[{"taxonomy":"category","embeddable":true,"href":"https:\/\/mfc08.de\/index.php?rest_route=%2Fwp%2Fv2%2Fcategories&post=6319"},{"taxonomy":"post_tag","embeddable":true,"href":"https:\/\/mfc08.de\/index.php?rest_route=%2Fwp%2Fv2%2Ftags&post=6319"}],"curies":[{"name":"wp","href":"https:\/\/api.w.org\/{rel}","templated":true}]}}