{"id":6322,"date":"2023-03-05T20:41:44","date_gmt":"2023-03-05T20:41:44","guid":{"rendered":"https:\/\/mfc08.de\/?p=6322"},"modified":"2023-03-05T20:41:46","modified_gmt":"2023-03-05T20:41:46","slug":"asv-feudenheim-mfc-08-lindenhof-2-03-00","status":"publish","type":"post","link":"https:\/\/mfc08.de\/?p=6322","title":{"rendered":"ASV Feudenheim &#8211; MFC 08 Lindenhof 2  0:3 (0:0)"},"content":{"rendered":"\n<p>Durch ein am Ende souver\u00e4nes 3:0 (0:0) beim ASV Feudenheim startete die zweite Mannschaft erfolgreich in die Rest-R\u00fcckrunde.<\/p>\n\n\n\n<p>In der ersten Halbzeit tat sich die Mannschaft schwer ins Spiel zu kommen und die Gastgeber hatten mehrfach die Chance in F\u00fchrung zu gehen. Gef\u00e4hrlich wurde es vor allem immer wieder bei Standards, so traf Feudenheim einmal die Latte und einmal konnte Mark Doy gerade noch ein bei einem Schuss aus kurzer Distanz im Liegen kl\u00e4ren. Dar\u00fcber hinaus leistete man sich mehrfach Ballverluste im Spielaufbau, mit denen man Feudenheim zum Kontern einlud, konnte diese Situationen dann aber im Endeffekt mit vereinten Kr\u00e4ften gl\u00fccklicherweise doch noch immer wieder kl\u00e4ren. Selbst konnte man offensiv kaum Akzente setzen, so dass es torlos in die Pause ging. Nach der Pause kam man deutlich besser ins Spiel und fr\u00fch ergaben sich erste Chancen, aber die Sch\u00fcsse von Paul Stro und Justus G\u00f6ttelmann wurden noch abgeblockt. Auf der anderen Seite wurde es nur noch einmal gef\u00e4hrlich, als man sich bei einem weiten Abschlag des Torwarts uneinig war, wer zum Ball gehen sollte. Da aber auch die Angreifer nicht entschlossen zum Ball gingen, konnte Mark Doy die Situation letztlich bereinigen. Kurz danach spielte Paul Stro am Strafraum einen sch\u00f6nen Pass auf Mathias Roesinger und der traf zur 1:0 F\u00fchrung ins lange Eck. Dieser Treffer gab deutlich Sicherheit, die Mannschaft stand jetzt defensiv sehr sicher und kontrollierte die Partie immer mehr. Mitte der zweiten Halbzeit gelang dann mit einem Doppelschlag die Entscheidung. Zun\u00e4chst traf Paul Stro per Kopf nach einem Eckball von Michel B\u00f6ing zum 2:0 und wenig sp\u00e4ter \u00fcberlief Mathias Roesinger nach einem langen Ball von Patrick Szarka die Feudenheimer Abwehr und hob den Ball zum 3:0 \u00fcber den Torwart ins Netz. Damit war das Spiel entschieden, Feudenheim gab zwar nicht auf und war bis zum Schluss bem\u00fcht, aber die Abwehr lie\u00df nichts mehr anbrennen und da auf der anderen Seite einige Konter nicht konsequent ausgespielt wurden, blieb es bis zum Schluss beim 3:0.<\/p>\n\n\n\n<p>&nbsp;Mit diesem Sieg hat die Mannschaft einen weiteren Riesenschritt in Richtung fr\u00fchzeitigen Klassenerhalt gemacht und kann am n\u00e4chsten Sonntag v\u00f6llig unbeschwert zum Spiel beim Tabellenzweiten TSG Rheinau fahren &nbsp;&nbsp;&nbsp;&nbsp;&nbsp;&nbsp;&nbsp;&nbsp;&nbsp;&nbsp;&nbsp;&nbsp;&nbsp;&nbsp;&nbsp;&nbsp;&nbsp;&nbsp;&nbsp;&nbsp;<\/p>\n","protected":false},"excerpt":{"rendered":"<p>Durch ein am Ende souver\u00e4nes 3:0 (0:0) beim ASV Feudenheim startete die zweite Mannschaft erfolgreich in die Rest-R\u00fcckrunde. In der ersten Halbzeit tat sich die Mannschaft schwer ins Spiel zu kommen und die Gastgeber hatten mehrfach die Chance in F\u00fchrung zu gehen. Gef\u00e4hrlich wurde es vor allem immer wieder bei Standards, so traf Feudenheim einmal&hellip;&nbsp;<a href=\"https:\/\/mfc08.de\/?p=6322\" rel=\"bookmark\">Weiterlesen &raquo;<span class=\"screen-reader-text\">ASV Feudenheim &#8211; MFC 08 Lindenhof 2  0:3 (0:0)<\/span><\/a><\/p>\n","protected":false},"author":5,"featured_media":5734,"comment_status":"closed","ping_status":"closed","sticky":false,"template":"","format":"standard","meta":{"neve_meta_sidebar":"","neve_meta_container":"","neve_meta_enable_content_width":"","neve_meta_content_width":0,"neve_meta_title_alignment":"","neve_meta_author_avatar":"","neve_post_elements_order":"","neve_meta_disable_header":"","neve_meta_disable_footer":"","neve_meta_disable_title":"","_themeisle_gutenberg_block_has_review":false,"footnotes":""},"categories":[5],"tags":[],"class_list":["post-6322","post","type-post","status-publish","format-standard","has-post-thumbnail","hentry","category-2-mannschaft"],"_links":{"self":[{"href":"https:\/\/mfc08.de\/index.php?rest_route=\/wp\/v2\/posts\/6322","targetHints":{"allow":["GET"]}}],"collection":[{"href":"https:\/\/mfc08.de\/index.php?rest_route=\/wp\/v2\/posts"}],"about":[{"href":"https:\/\/mfc08.de\/index.php?rest_route=\/wp\/v2\/types\/post"}],"author":[{"embeddable":true,"href":"https:\/\/mfc08.de\/index.php?rest_route=\/wp\/v2\/users\/5"}],"replies":[{"embeddable":true,"href":"https:\/\/mfc08.de\/index.php?rest_route=%2Fwp%2Fv2%2Fcomments&post=6322"}],"version-history":[{"count":1,"href":"https:\/\/mfc08.de\/index.php?rest_route=\/wp\/v2\/posts\/6322\/revisions"}],"predecessor-version":[{"id":6323,"href":"https:\/\/mfc08.de\/index.php?rest_route=\/wp\/v2\/posts\/6322\/revisions\/6323"}],"wp:featuredmedia":[{"embeddable":true,"href":"https:\/\/mfc08.de\/index.php?rest_route=\/wp\/v2\/media\/5734"}],"wp:attachment":[{"href":"https:\/\/mfc08.de\/index.php?rest_route=%2Fwp%2Fv2%2Fmedia&parent=6322"}],"wp:term":[{"taxonomy":"category","embeddable":true,"href":"https:\/\/mfc08.de\/index.php?rest_route=%2Fwp%2Fv2%2Fcategories&post=6322"},{"taxonomy":"post_tag","embeddable":true,"href":"https:\/\/mfc08.de\/index.php?rest_route=%2Fwp%2Fv2%2Ftags&post=6322"}],"curies":[{"name":"wp","href":"https:\/\/api.w.org\/{rel}","templated":true}]}}