{"id":6325,"date":"2023-03-06T10:51:30","date_gmt":"2023-03-06T10:51:30","guid":{"rendered":"https:\/\/mfc08.de\/?p=6325"},"modified":"2023-03-06T10:51:31","modified_gmt":"2023-03-06T10:51:31","slug":"jahreshauptversammlung-am-24-3-2023","status":"publish","type":"post","link":"https:\/\/mfc08.de\/?p=6325","title":{"rendered":"Jahreshauptversammlung am 24.3.2023"},"content":{"rendered":"\n<p><\/p>\n\n\n\n<p>Einladung<\/p>\n\n\n\n<p>zur ordentlichen Mitgliederversammlung des MFC 08 Lindenhof e.V.<\/p>\n\n\n\n<p>am Freitag, den 24. M\u00e4rz 2023, 19:00 Uhr im Clubhaus Promenadenweg 15.<\/p>\n\n\n\n<p>Der Vorstand des MFC 08 Lindenhof l\u00e4dt Sie herzlich zu der vorgenannten Versammlung ein. Folgende Tagesordnung ist vorgesehen:<\/p>\n\n\n\n<p>Tagesordnung<\/p>\n\n\n\n<ol class=\"wp-block-list\" type=\"1\">\n<li>Begr\u00fc\u00dfung durch den Vorsitzenden<\/li>\n\n\n\n<li>Genehmigung der Tagesordnung<\/li>\n\n\n\n<li>Jahresbericht des Vorsitzenden und Berichte der Abteilungen und Gruppen<\/li>\n<\/ol>\n\n\n\n<p>&nbsp;&nbsp;&nbsp;&nbsp;&nbsp;&nbsp;&nbsp;&nbsp;&nbsp;&nbsp;&nbsp;&nbsp;&nbsp;&nbsp;&nbsp;&nbsp;&nbsp; a.)&nbsp;&nbsp; Abteilung Fu\u00dfball&nbsp;&nbsp;&nbsp;&nbsp;&nbsp;&nbsp;&nbsp;&nbsp;&nbsp;&nbsp;&nbsp; b.)&nbsp;&nbsp; Abteilung Jugend<\/p>\n\n\n\n<p>&nbsp;&nbsp;&nbsp;&nbsp;&nbsp;&nbsp;&nbsp;&nbsp;&nbsp;&nbsp;&nbsp;&nbsp;&nbsp;&nbsp;&nbsp;&nbsp;&nbsp; c.)&nbsp;&nbsp; Abteilung Tennis&nbsp;&nbsp;&nbsp;&nbsp;&nbsp;&nbsp;&nbsp;&nbsp;&nbsp;&nbsp;&nbsp;&nbsp; d.)&nbsp;&nbsp; Abteilung Roundnet<\/p>\n\n\n\n<p>e.)&nbsp;&nbsp; Gymnastikgruppe<\/p>\n\n\n\n<ul class=\"wp-block-list\">\n<li>Kassenbericht des Schatzmeisters<\/li>\n\n\n\n<li>Bericht der Kassenpr\u00fcfer<\/li>\n\n\n\n<li>Entlastung des Vorstands<\/li>\n\n\n\n<li>Neuwahlen<\/li>\n<\/ul>\n\n\n\n<p>a.)&nbsp;&nbsp; der Kassenpr\u00fcfer&nbsp;&nbsp;&nbsp;&nbsp;&nbsp;&nbsp;&nbsp;&nbsp;&nbsp;&nbsp;&nbsp; b.)&nbsp;&nbsp; des \u00c4ltestenrats<\/p>\n\n\n\n<p>8.&nbsp;&nbsp;&nbsp; Antr\u00e4ge<\/p>\n\n\n\n<p>9.&nbsp;&nbsp;&nbsp; Verschiedenes<\/p>\n\n\n\n<p>Wir freuen uns, Sie bei der Mitgliederversammlung zahlreich begr\u00fc\u00dfen zu d\u00fcrfen und verbleiben bis dahin<\/p>\n\n\n\n<p>mit sportlichen Gr\u00fc\u00dfen<br>der Vorstand des MFC 08 Lindenhof<\/p>\n","protected":false},"excerpt":{"rendered":"<p>Einladung zur ordentlichen Mitgliederversammlung des MFC 08 Lindenhof e.V. am Freitag, den 24. M\u00e4rz 2023, 19:00 Uhr im Clubhaus Promenadenweg 15. Der Vorstand des MFC 08 Lindenhof l\u00e4dt Sie herzlich zu der vorgenannten Versammlung ein. Folgende Tagesordnung ist vorgesehen: Tagesordnung &nbsp;&nbsp;&nbsp;&nbsp;&nbsp;&nbsp;&nbsp;&nbsp;&nbsp;&nbsp;&nbsp;&nbsp;&nbsp;&nbsp;&nbsp;&nbsp;&nbsp; a.)&nbsp;&nbsp; Abteilung Fu\u00dfball&nbsp;&nbsp;&nbsp;&nbsp;&nbsp;&nbsp;&nbsp;&nbsp;&nbsp;&nbsp;&nbsp; b.)&nbsp;&nbsp; Abteilung Jugend &nbsp;&nbsp;&nbsp;&nbsp;&nbsp;&nbsp;&nbsp;&nbsp;&nbsp;&nbsp;&nbsp;&nbsp;&nbsp;&nbsp;&nbsp;&nbsp;&nbsp; c.)&nbsp;&nbsp; Abteilung Tennis&nbsp;&nbsp;&nbsp;&nbsp;&nbsp;&nbsp;&nbsp;&nbsp;&nbsp;&nbsp;&nbsp;&nbsp; d.)&nbsp;&nbsp; Abteilung Roundnet e.)&nbsp;&nbsp;&hellip;&nbsp;<a href=\"https:\/\/mfc08.de\/?p=6325\" rel=\"bookmark\">Weiterlesen &raquo;<span class=\"screen-reader-text\">Jahreshauptversammlung am 24.3.2023<\/span><\/a><\/p>\n","protected":false},"author":2,"featured_media":3789,"comment_status":"closed","ping_status":"closed","sticky":false,"template":"","format":"standard","meta":{"neve_meta_sidebar":"","neve_meta_container":"","neve_meta_enable_content_width":"","neve_meta_content_width":0,"neve_meta_title_alignment":"","neve_meta_author_avatar":"","neve_post_elements_order":"","neve_meta_disable_header":"","neve_meta_disable_footer":"","neve_meta_disable_title":"","_themeisle_gutenberg_block_has_review":false,"footnotes":""},"categories":[1],"tags":[],"class_list":["post-6325","post","type-post","status-publish","format-standard","has-post-thumbnail","hentry","category-uncategorized"],"_links":{"self":[{"href":"https:\/\/mfc08.de\/index.php?rest_route=\/wp\/v2\/posts\/6325","targetHints":{"allow":["GET"]}}],"collection":[{"href":"https:\/\/mfc08.de\/index.php?rest_route=\/wp\/v2\/posts"}],"about":[{"href":"https:\/\/mfc08.de\/index.php?rest_route=\/wp\/v2\/types\/post"}],"author":[{"embeddable":true,"href":"https:\/\/mfc08.de\/index.php?rest_route=\/wp\/v2\/users\/2"}],"replies":[{"embeddable":true,"href":"https:\/\/mfc08.de\/index.php?rest_route=%2Fwp%2Fv2%2Fcomments&post=6325"}],"version-history":[{"count":1,"href":"https:\/\/mfc08.de\/index.php?rest_route=\/wp\/v2\/posts\/6325\/revisions"}],"predecessor-version":[{"id":6326,"href":"https:\/\/mfc08.de\/index.php?rest_route=\/wp\/v2\/posts\/6325\/revisions\/6326"}],"wp:featuredmedia":[{"embeddable":true,"href":"https:\/\/mfc08.de\/index.php?rest_route=\/wp\/v2\/media\/3789"}],"wp:attachment":[{"href":"https:\/\/mfc08.de\/index.php?rest_route=%2Fwp%2Fv2%2Fmedia&parent=6325"}],"wp:term":[{"taxonomy":"category","embeddable":true,"href":"https:\/\/mfc08.de\/index.php?rest_route=%2Fwp%2Fv2%2Fcategories&post=6325"},{"taxonomy":"post_tag","embeddable":true,"href":"https:\/\/mfc08.de\/index.php?rest_route=%2Fwp%2Fv2%2Ftags&post=6325"}],"curies":[{"name":"wp","href":"https:\/\/api.w.org\/{rel}","templated":true}]}}