{"id":6330,"date":"2023-03-06T13:47:06","date_gmt":"2023-03-06T13:47:06","guid":{"rendered":"https:\/\/mfc08.de\/?p=6330"},"modified":"2023-03-06T14:03:17","modified_gmt":"2023-03-06T14:03:17","slug":"mit-dem-bewaehrten-trainergespann-in-die-neue-saison","status":"publish","type":"post","link":"https:\/\/mfc08.de\/?p=6330","title":{"rendered":"Mit dem bew\u00e4hrten Trainergespann auch in die neue Saison"},"content":{"rendered":"\n<p>Nach mehreren intensiven Gespr\u00e4chen haben wir uns geeinigt, die sportlich \u00fcberaus erfolgreiche Zusammenarbeit mit unserem Trainer Patrick Heinzelmann und seinem Co-Trainer Mathias Pfitzner fortzusetzen. Auch wir m\u00fcssen auf Grund der aktuellen Gesamtlage vieles auf den Pr\u00fcfstand stellen und verantwortungsvoll an einer guten und soliden Zukunft des Vereins arbeiten. Dies in Einklang mit den W\u00fcnschen und Anforderungen eines ambitionierten und sehr ehrgeizigen Trainergespanns zu bringen ist keine leichte Aufgabe. Aber auch auf Grund des hohen Anteils an Eigeninitiative und Engagement \u00fcber das eigentliche Trainerdasein hinaus, haben wir eine gute L\u00f6sung gefunden, den gemeinsamen Weg weiterzugehen. Wir gehen davon aus, dass es nun auch gelingen wird, den Gro\u00dfteil der Mannschaft zusammenzuhalten, die unseren Verein sehr positiv repr\u00e4sentiert. Zusammen mit unserer ebenfalls sehr erfolgreichen zweiten Mannschaft sehen wir uns im Bereich der aktiven Fu\u00dfballer hervorragend aufgestellt. Nimmt man die sich derzeit gleichfalls sehr positiv entwickelnde Jugendarbeit mit hinzu, d\u00fcrfen wir daher alle Mitglieder und Freunde des Fu\u00dfballsports auf dem Lindenhof und Umgebung ermutigen unsere Mannschaften und damit den Verein zu unterst\u00fctzen. Dies gelingt am einfachsten durch den Besuch eines unserer insgesamt zahlreichen Spiele im Aktiven- und Jugendbereich, aber auch gerne durch finanzielles Engagement, dass es uns erm\u00f6glicht noch bessere Rahmenbedingungen f\u00fcr alle zu schaffen.<\/p>\n","protected":false},"excerpt":{"rendered":"<p>Nach mehreren intensiven Gespr\u00e4chen haben wir uns geeinigt, die sportlich \u00fcberaus erfolgreiche Zusammenarbeit mit unserem Trainer Patrick Heinzelmann und seinem Co-Trainer Mathias Pfitzner fortzusetzen. Auch wir m\u00fcssen auf Grund der aktuellen Gesamtlage vieles auf den Pr\u00fcfstand stellen und verantwortungsvoll an einer guten und soliden Zukunft des Vereins arbeiten. Dies in Einklang mit den W\u00fcnschen und&hellip;&nbsp;<a href=\"https:\/\/mfc08.de\/?p=6330\" rel=\"bookmark\">Weiterlesen &raquo;<span class=\"screen-reader-text\">Mit dem bew\u00e4hrten Trainergespann auch in die neue Saison<\/span><\/a><\/p>\n","protected":false},"author":2,"featured_media":2157,"comment_status":"closed","ping_status":"closed","sticky":false,"template":"","format":"standard","meta":{"neve_meta_sidebar":"","neve_meta_container":"","neve_meta_enable_content_width":"","neve_meta_content_width":0,"neve_meta_title_alignment":"","neve_meta_author_avatar":"","neve_post_elements_order":"","neve_meta_disable_header":"","neve_meta_disable_footer":"","neve_meta_disable_title":"","_themeisle_gutenberg_block_has_review":false,"footnotes":""},"categories":[1],"tags":[],"class_list":["post-6330","post","type-post","status-publish","format-standard","has-post-thumbnail","hentry","category-uncategorized"],"_links":{"self":[{"href":"https:\/\/mfc08.de\/index.php?rest_route=\/wp\/v2\/posts\/6330","targetHints":{"allow":["GET"]}}],"collection":[{"href":"https:\/\/mfc08.de\/index.php?rest_route=\/wp\/v2\/posts"}],"about":[{"href":"https:\/\/mfc08.de\/index.php?rest_route=\/wp\/v2\/types\/post"}],"author":[{"embeddable":true,"href":"https:\/\/mfc08.de\/index.php?rest_route=\/wp\/v2\/users\/2"}],"replies":[{"embeddable":true,"href":"https:\/\/mfc08.de\/index.php?rest_route=%2Fwp%2Fv2%2Fcomments&post=6330"}],"version-history":[{"count":2,"href":"https:\/\/mfc08.de\/index.php?rest_route=\/wp\/v2\/posts\/6330\/revisions"}],"predecessor-version":[{"id":6332,"href":"https:\/\/mfc08.de\/index.php?rest_route=\/wp\/v2\/posts\/6330\/revisions\/6332"}],"wp:featuredmedia":[{"embeddable":true,"href":"https:\/\/mfc08.de\/index.php?rest_route=\/wp\/v2\/media\/2157"}],"wp:attachment":[{"href":"https:\/\/mfc08.de\/index.php?rest_route=%2Fwp%2Fv2%2Fmedia&parent=6330"}],"wp:term":[{"taxonomy":"category","embeddable":true,"href":"https:\/\/mfc08.de\/index.php?rest_route=%2Fwp%2Fv2%2Fcategories&post=6330"},{"taxonomy":"post_tag","embeddable":true,"href":"https:\/\/mfc08.de\/index.php?rest_route=%2Fwp%2Fv2%2Ftags&post=6330"}],"curies":[{"name":"wp","href":"https:\/\/api.w.org\/{rel}","templated":true}]}}