{"id":6354,"date":"2023-03-12T20:25:49","date_gmt":"2023-03-12T20:25:49","guid":{"rendered":"https:\/\/mfc08.de\/?p=6354"},"modified":"2023-03-12T20:25:51","modified_gmt":"2023-03-12T20:25:51","slug":"tsg-rheinau-mfc-08-lindenhof-02-01","status":"publish","type":"post","link":"https:\/\/mfc08.de\/?p=6354","title":{"rendered":"TSG Rheinau &#8211; MFC 08 Lindenhof 0:2 (0:1)"},"content":{"rendered":"\n<p>Ihre aktuell gute Form stellte die zweite Mannschaft erneut unter Beweis und feierte mit einem verdienten 2:0 (1:0) beim Aufstiegsaspiranten TSG Rheinau den dritten Sieg in Folge<\/p>\n\n\n\n<p>Die Mannschaft fand von Anfang an gut ins Spiel und Mitte der ersten Halbzeit konnte Paul Stro die F\u00fchrung erzielen. Mit dieser F\u00fchrung ging es auch in die Pause. Fr\u00fch in der zweiten Halbzeit drohte das Spiel zu kippen, aber Mark Doy konnte einen Elfmeter parieren und somit die F\u00fchrung festhalten. In der Schlussphase konnte der kurz zuvor eingewechselte Cornelius Boll auf 2:0 erh\u00f6hen. Bei diesem Ergebnis blieb es bis zum Ende und somit war der doch etwas \u00fcberraschende Erfolg unter Dach und Fach<\/p>\n\n\n\n<p>Am n\u00e4chsten Sonntag steht mit der Partie beim Tabellen-Nachbarn SV 98\/07 Seckenheim ein weiteres Ausw\u00e4rtsspiel auf dem Programm &nbsp;&nbsp;&nbsp;&nbsp;<\/p>\n\n\n\n<p>Und auch ausserhalb des Spielfeldes gibt es positive Nachrichten von der zweiten Mannschaft. Mit dem Trainer Benjamin Ahsmann und seinem Co-Trainer Max Smuda konnte man sich auf eine weitere Zusammenarbeit auch in der neuen Saison einigen<\/p>\n","protected":false},"excerpt":{"rendered":"<p>Ihre aktuell gute Form stellte die zweite Mannschaft erneut unter Beweis und feierte mit einem verdienten 2:0 (1:0) beim Aufstiegsaspiranten TSG Rheinau den dritten Sieg in Folge Die Mannschaft fand von Anfang an gut ins Spiel und Mitte der ersten Halbzeit konnte Paul Stro die F\u00fchrung erzielen. Mit dieser F\u00fchrung ging es auch in die&hellip;&nbsp;<a href=\"https:\/\/mfc08.de\/?p=6354\" rel=\"bookmark\">Weiterlesen &raquo;<span class=\"screen-reader-text\">TSG Rheinau &#8211; MFC 08 Lindenhof 0:2 (0:1)<\/span><\/a><\/p>\n","protected":false},"author":5,"featured_media":5735,"comment_status":"closed","ping_status":"closed","sticky":false,"template":"","format":"standard","meta":{"neve_meta_sidebar":"","neve_meta_container":"","neve_meta_enable_content_width":"","neve_meta_content_width":0,"neve_meta_title_alignment":"","neve_meta_author_avatar":"","neve_post_elements_order":"","neve_meta_disable_header":"","neve_meta_disable_footer":"","neve_meta_disable_title":"","_themeisle_gutenberg_block_has_review":false,"footnotes":""},"categories":[5],"tags":[],"class_list":["post-6354","post","type-post","status-publish","format-standard","has-post-thumbnail","hentry","category-2-mannschaft"],"_links":{"self":[{"href":"https:\/\/mfc08.de\/index.php?rest_route=\/wp\/v2\/posts\/6354","targetHints":{"allow":["GET"]}}],"collection":[{"href":"https:\/\/mfc08.de\/index.php?rest_route=\/wp\/v2\/posts"}],"about":[{"href":"https:\/\/mfc08.de\/index.php?rest_route=\/wp\/v2\/types\/post"}],"author":[{"embeddable":true,"href":"https:\/\/mfc08.de\/index.php?rest_route=\/wp\/v2\/users\/5"}],"replies":[{"embeddable":true,"href":"https:\/\/mfc08.de\/index.php?rest_route=%2Fwp%2Fv2%2Fcomments&post=6354"}],"version-history":[{"count":1,"href":"https:\/\/mfc08.de\/index.php?rest_route=\/wp\/v2\/posts\/6354\/revisions"}],"predecessor-version":[{"id":6355,"href":"https:\/\/mfc08.de\/index.php?rest_route=\/wp\/v2\/posts\/6354\/revisions\/6355"}],"wp:featuredmedia":[{"embeddable":true,"href":"https:\/\/mfc08.de\/index.php?rest_route=\/wp\/v2\/media\/5735"}],"wp:attachment":[{"href":"https:\/\/mfc08.de\/index.php?rest_route=%2Fwp%2Fv2%2Fmedia&parent=6354"}],"wp:term":[{"taxonomy":"category","embeddable":true,"href":"https:\/\/mfc08.de\/index.php?rest_route=%2Fwp%2Fv2%2Fcategories&post=6354"},{"taxonomy":"post_tag","embeddable":true,"href":"https:\/\/mfc08.de\/index.php?rest_route=%2Fwp%2Fv2%2Ftags&post=6354"}],"curies":[{"name":"wp","href":"https:\/\/api.w.org\/{rel}","templated":true}]}}