{"id":6356,"date":"2023-03-12T20:28:12","date_gmt":"2023-03-12T20:28:12","guid":{"rendered":"https:\/\/mfc08.de\/?p=6356"},"modified":"2023-03-12T20:28:15","modified_gmt":"2023-03-12T20:28:15","slug":"mfc-08-lindenhof-spvgg-wallstadt-31-11","status":"publish","type":"post","link":"https:\/\/mfc08.de\/?p=6356","title":{"rendered":"MFC 08 Lindenhof &#8211; Spvgg Wallstadt 3:1 (1:1)"},"content":{"rendered":"\n<p>Dank einer deutlichen Leistungssteigerung in der zweiten Halbzeit kam die erste Mannschaft zu einem verdienten 3:1 (1:1) Sieg gegen die Spvgg Wallstadt<\/p>\n\n\n\n<p>Nach einer ausgeglichenen Anfangsphase wurden die G\u00e4ste etwas st\u00e4rker und gingen nach einer Ecke in F\u00fchrung. Unsere Elf tat sich schwer selbst Chancen zu erspielen und Wallstadt war in dieser Phase das spielbestimmende Team. Doch kurz vor der Pause erm\u00f6glichte ein Fehler in der Abwehr der G\u00e4ste doch den Ausgleich. Kevin Heck spritzte in einen Querpass im Wallst\u00e4dter Strafraum und traf zum Ausgleich. Mit diesem 1:1 ging es auch in die Pause. Nach dem Wechsel neutralisierten sich beide Mannschaften zun\u00e4chst. Die Defensive stand jetzt gut, doch nach vorne konnte man lange auch kaum Gefahr ausstrahlen. Erst in der Schlussphase gelang es etwas mehr Druck aufzubauen, aber der Wallst\u00e4dter Torwart konnte zun\u00e4chst gut bei Sch\u00fcssen von Yusuf Demirci und Daniel Zimmermann reagieren. Yusuf Demirci kam noch einmal im Strafraum in aussichtsreicher Position zum Schuss, setzte den Ball \u00fcber das Tor. Dann war es aber doch soweit. Nach einem langen Pass kam der Ball \u00fcber Yusuf Demirci zu dem erst kurz zuvor eingewechselten Tobias Baumann, und dieser behielt frei vor dem Torwart die Nerven und traf zum 2:1. Kurz danach wurde Kevin Heck im Strafraum zu Fall gebracht und Yusuf Demirci verwandelte den Elfmeter zum 3:1. Dies war die Entscheidung in diesem Spiel und auch gleichzeitig der Endstand<\/p>\n\n\n\n<p>N\u00e4chste Woche tritt die Elf beim TSG Eintracht Plankstadt an &nbsp;<\/p>\n","protected":false},"excerpt":{"rendered":"<p>Dank einer deutlichen Leistungssteigerung in der zweiten Halbzeit kam die erste Mannschaft zu einem verdienten 3:1 (1:1) Sieg gegen die Spvgg Wallstadt Nach einer ausgeglichenen Anfangsphase wurden die G\u00e4ste etwas st\u00e4rker und gingen nach einer Ecke in F\u00fchrung. Unsere Elf tat sich schwer selbst Chancen zu erspielen und Wallstadt war in dieser Phase das spielbestimmende&hellip;&nbsp;<a href=\"https:\/\/mfc08.de\/?p=6356\" rel=\"bookmark\">Weiterlesen &raquo;<span class=\"screen-reader-text\">MFC 08 Lindenhof &#8211; Spvgg Wallstadt 3:1 (1:1)<\/span><\/a><\/p>\n","protected":false},"author":5,"featured_media":4689,"comment_status":"closed","ping_status":"closed","sticky":false,"template":"","format":"standard","meta":{"neve_meta_sidebar":"","neve_meta_container":"","neve_meta_enable_content_width":"","neve_meta_content_width":0,"neve_meta_title_alignment":"","neve_meta_author_avatar":"","neve_post_elements_order":"","neve_meta_disable_header":"","neve_meta_disable_footer":"","neve_meta_disable_title":"","_themeisle_gutenberg_block_has_review":false,"footnotes":""},"categories":[3],"tags":[],"class_list":["post-6356","post","type-post","status-publish","format-standard","has-post-thumbnail","hentry","category-1-mannschaft"],"_links":{"self":[{"href":"https:\/\/mfc08.de\/index.php?rest_route=\/wp\/v2\/posts\/6356","targetHints":{"allow":["GET"]}}],"collection":[{"href":"https:\/\/mfc08.de\/index.php?rest_route=\/wp\/v2\/posts"}],"about":[{"href":"https:\/\/mfc08.de\/index.php?rest_route=\/wp\/v2\/types\/post"}],"author":[{"embeddable":true,"href":"https:\/\/mfc08.de\/index.php?rest_route=\/wp\/v2\/users\/5"}],"replies":[{"embeddable":true,"href":"https:\/\/mfc08.de\/index.php?rest_route=%2Fwp%2Fv2%2Fcomments&post=6356"}],"version-history":[{"count":1,"href":"https:\/\/mfc08.de\/index.php?rest_route=\/wp\/v2\/posts\/6356\/revisions"}],"predecessor-version":[{"id":6357,"href":"https:\/\/mfc08.de\/index.php?rest_route=\/wp\/v2\/posts\/6356\/revisions\/6357"}],"wp:featuredmedia":[{"embeddable":true,"href":"https:\/\/mfc08.de\/index.php?rest_route=\/wp\/v2\/media\/4689"}],"wp:attachment":[{"href":"https:\/\/mfc08.de\/index.php?rest_route=%2Fwp%2Fv2%2Fmedia&parent=6356"}],"wp:term":[{"taxonomy":"category","embeddable":true,"href":"https:\/\/mfc08.de\/index.php?rest_route=%2Fwp%2Fv2%2Fcategories&post=6356"},{"taxonomy":"post_tag","embeddable":true,"href":"https:\/\/mfc08.de\/index.php?rest_route=%2Fwp%2Fv2%2Ftags&post=6356"}],"curies":[{"name":"wp","href":"https:\/\/api.w.org\/{rel}","templated":true}]}}