{"id":6368,"date":"2023-03-19T21:24:31","date_gmt":"2023-03-19T21:24:31","guid":{"rendered":"https:\/\/mfc08.de\/?p=6368"},"modified":"2023-03-19T21:24:32","modified_gmt":"2023-03-19T21:24:32","slug":"sv-98-07-seckenheim-mfc-08-lindenhof-2-13-10","status":"publish","type":"post","link":"https:\/\/mfc08.de\/?p=6368","title":{"rendered":"SV 98\/07 Seckenheim &#8211; MFC 08 Lindenhof 2  1:3 (1:0)"},"content":{"rendered":"\n<p>Auch das 3. (Ausw\u00e4rts-)Spiel des Jahres konnte die 2. Mannschaft mit 3:1 (0:1) beim SV 98\/07 Seckenheim siegreich gestalten.<\/p>\n\n\n\n<p>Zwar geriet das Team Mitte der ersten Halbzeit in R\u00fcckstand und mit diesem 0:1 ging es auch in die Pause. Aber man lie\u00df sich auch davon nicht aus dem Rhythmus bringen und drehte das Spiel nach dem Wechsel. Etwas kurios dabei die Entstehung des Ausgleichs. Bei einem Abschlag lief Seckenheimer Torwart mit dem Ball in der Hand aus dem Strafraum, der Schiedsrichter entschied folgerichtig auf Freisto\u00df und diesen nutzte Mathias Roesinger zum 1:1. Danach wurde Moritz Miller im Strafraum zu Fall gebracht und erneut Mathias Roesinger verwandelte den f\u00e4lligen Elfmeter zur F\u00fchrung. F\u00fcr die endg\u00fcltige Entscheidung sorgte Tomislav Martinovic mit seinem Treffer zum 3:1 in der Schlussminute<\/p>\n\n\n\n<p>N\u00e4chste Woche hat die Mannschaft gegen den FK Bosna Mannheim im erste Heimspiel des Jahres die M\u00f6glichkeit sich weiter im vorderen Mittelfeld der Tabelle festzusetzen<\/p>\n","protected":false},"excerpt":{"rendered":"<p>Auch das 3. (Ausw\u00e4rts-)Spiel des Jahres konnte die 2. Mannschaft mit 3:1 (0:1) beim SV 98\/07 Seckenheim siegreich gestalten. Zwar geriet das Team Mitte der ersten Halbzeit in R\u00fcckstand und mit diesem 0:1 ging es auch in die Pause. Aber man lie\u00df sich auch davon nicht aus dem Rhythmus bringen und drehte das Spiel nach&hellip;&nbsp;<a href=\"https:\/\/mfc08.de\/?p=6368\" rel=\"bookmark\">Weiterlesen &raquo;<span class=\"screen-reader-text\">SV 98\/07 Seckenheim &#8211; MFC 08 Lindenhof 2  1:3 (1:0)<\/span><\/a><\/p>\n","protected":false},"author":5,"featured_media":5734,"comment_status":"closed","ping_status":"closed","sticky":false,"template":"","format":"standard","meta":{"neve_meta_sidebar":"","neve_meta_container":"","neve_meta_enable_content_width":"","neve_meta_content_width":0,"neve_meta_title_alignment":"","neve_meta_author_avatar":"","neve_post_elements_order":"","neve_meta_disable_header":"","neve_meta_disable_footer":"","neve_meta_disable_title":"","_themeisle_gutenberg_block_has_review":false,"footnotes":""},"categories":[5],"tags":[],"class_list":["post-6368","post","type-post","status-publish","format-standard","has-post-thumbnail","hentry","category-2-mannschaft"],"_links":{"self":[{"href":"https:\/\/mfc08.de\/index.php?rest_route=\/wp\/v2\/posts\/6368","targetHints":{"allow":["GET"]}}],"collection":[{"href":"https:\/\/mfc08.de\/index.php?rest_route=\/wp\/v2\/posts"}],"about":[{"href":"https:\/\/mfc08.de\/index.php?rest_route=\/wp\/v2\/types\/post"}],"author":[{"embeddable":true,"href":"https:\/\/mfc08.de\/index.php?rest_route=\/wp\/v2\/users\/5"}],"replies":[{"embeddable":true,"href":"https:\/\/mfc08.de\/index.php?rest_route=%2Fwp%2Fv2%2Fcomments&post=6368"}],"version-history":[{"count":1,"href":"https:\/\/mfc08.de\/index.php?rest_route=\/wp\/v2\/posts\/6368\/revisions"}],"predecessor-version":[{"id":6369,"href":"https:\/\/mfc08.de\/index.php?rest_route=\/wp\/v2\/posts\/6368\/revisions\/6369"}],"wp:featuredmedia":[{"embeddable":true,"href":"https:\/\/mfc08.de\/index.php?rest_route=\/wp\/v2\/media\/5734"}],"wp:attachment":[{"href":"https:\/\/mfc08.de\/index.php?rest_route=%2Fwp%2Fv2%2Fmedia&parent=6368"}],"wp:term":[{"taxonomy":"category","embeddable":true,"href":"https:\/\/mfc08.de\/index.php?rest_route=%2Fwp%2Fv2%2Fcategories&post=6368"},{"taxonomy":"post_tag","embeddable":true,"href":"https:\/\/mfc08.de\/index.php?rest_route=%2Fwp%2Fv2%2Ftags&post=6368"}],"curies":[{"name":"wp","href":"https:\/\/api.w.org\/{rel}","templated":true}]}}