{"id":6370,"date":"2023-03-19T21:29:21","date_gmt":"2023-03-19T21:29:21","guid":{"rendered":"https:\/\/mfc08.de\/?p=6370"},"modified":"2023-03-19T21:29:22","modified_gmt":"2023-03-19T21:29:22","slug":"tsg-eintracht-plankstadt-mfc-08-lindenhof-04-01","status":"publish","type":"post","link":"https:\/\/mfc08.de\/?p=6370","title":{"rendered":"TSG Eintracht Plankstadt &#8211; MFC 08 Lindenhof 0:4 (0:1)"},"content":{"rendered":"\n<p>Zu einem hochverdienten und in der zweiten Halbzeit ungef\u00e4hrdeten 4:0 (1:0) Sieg kam die erste Mannschaft bei der TSG Eintracht Plankstadt &nbsp;<\/p>\n\n\n\n<p>Schon direkt vom Anspiel weg h\u00e4tte sich fast die erste gro\u00dfe Chance ergeben, aber Tobias Baumann fehlte bei dem langen Ball von Yusuf Demirci ein Schritt. In der Folgezeit unser Team leicht \u00fcberlegen und auch mit der n\u00e4chsten guten Chance, aber der Torwart konnte den Schuss von Yusuf Demirci gerade noch abwehren. Kurz danach spielte Yusuf Demirci einen sch\u00f6nen Pass auf Felix Schreckenberger, aber auch der scheiterte am Torwart. Dann kamen auch die Gastgeber zu einer gro\u00dfen Chance, aber der St\u00fcrmer verzog frei vor Lucas Neuhof. Kurz vor der Pause bekam unsere Elf einen Freisto\u00df 18 Meter vor dem Tor zugesprochen und Felix Schreckenberger setzte diesen herrlich zum 1:0 ins Netz. Dieser Vorsprung geriet unmittelbar vor der Halbzeit noch einmal in Gefahr. Nach einem Ballverlust in der eigenen H\u00e4lfte kamen die Gastgeber zu einer guten Chance, aber der Abschluss geriet zu schwach und stellte kein Problem f\u00fcr Lucas Neuhof dar. Auch nach dem Wechsel hatte unsere Elf wieder die ersten Chancen. Doch der Plankst\u00e4dter Torwart konnte einen Freisto\u00df von Yusuf Demirci gut parieren und ein Kopfball von Maurice K\u00fchnl nach einer Ecke wurde gerade noch auf der Linie gekl\u00e4rt. Dann entschied das Team die Partie aber innerhalb von wenigen Minuten. Zun\u00e4chst spielte Eric Luz einen sch\u00f6nen Pass auf Yusuf Demirci, der direkt auf Ivan Vlaho querlegte und dieser traf zum 2:0. Kurz danach wurde erneut Yusuf Demirci frei gespielt, sein Schuss prallte an den Innenpfosten und den Abpraller lenkte ein Abwehrspieler ins eigene Netz. Und wieder nur wenig sp\u00e4ter wurde Yusuf Demirci im Strafraum zu Fall gebracht und den Elfmeter verwandelte Felix Schreckenberger sicher zum 4:0. Mit der klaren F\u00fchrung im R\u00fccken spielte die Mannschaft das Spiel sicher nach Hause und hatte mehrfach die Chance noch weitere Treffer nachzulegen, aber es blieb bis zum Ende beim 4:0.<\/p>\n\n\n\n<p>Im Spiel gegen FV Leutershasuen geht es n\u00e4chste Woche jetzt darum den beiden Tabellenersten weiter auf den Fersen zu bleiben<\/p>\n\n\n\n<p> <\/p>\n","protected":false},"excerpt":{"rendered":"<p>Zu einem hochverdienten und in der zweiten Halbzeit ungef\u00e4hrdeten 4:0 (1:0) Sieg kam die erste Mannschaft bei der TSG Eintracht Plankstadt &nbsp; Schon direkt vom Anspiel weg h\u00e4tte sich fast die erste gro\u00dfe Chance ergeben, aber Tobias Baumann fehlte bei dem langen Ball von Yusuf Demirci ein Schritt. In der Folgezeit unser Team leicht \u00fcberlegen&hellip;&nbsp;<a href=\"https:\/\/mfc08.de\/?p=6370\" rel=\"bookmark\">Weiterlesen &raquo;<span class=\"screen-reader-text\">TSG Eintracht Plankstadt &#8211; MFC 08 Lindenhof 0:4 (0:1)<\/span><\/a><\/p>\n","protected":false},"author":5,"featured_media":4689,"comment_status":"closed","ping_status":"closed","sticky":false,"template":"","format":"standard","meta":{"neve_meta_sidebar":"","neve_meta_container":"","neve_meta_enable_content_width":"","neve_meta_content_width":0,"neve_meta_title_alignment":"","neve_meta_author_avatar":"","neve_post_elements_order":"","neve_meta_disable_header":"","neve_meta_disable_footer":"","neve_meta_disable_title":"","_themeisle_gutenberg_block_has_review":false,"footnotes":""},"categories":[3],"tags":[],"class_list":["post-6370","post","type-post","status-publish","format-standard","has-post-thumbnail","hentry","category-1-mannschaft"],"_links":{"self":[{"href":"https:\/\/mfc08.de\/index.php?rest_route=\/wp\/v2\/posts\/6370","targetHints":{"allow":["GET"]}}],"collection":[{"href":"https:\/\/mfc08.de\/index.php?rest_route=\/wp\/v2\/posts"}],"about":[{"href":"https:\/\/mfc08.de\/index.php?rest_route=\/wp\/v2\/types\/post"}],"author":[{"embeddable":true,"href":"https:\/\/mfc08.de\/index.php?rest_route=\/wp\/v2\/users\/5"}],"replies":[{"embeddable":true,"href":"https:\/\/mfc08.de\/index.php?rest_route=%2Fwp%2Fv2%2Fcomments&post=6370"}],"version-history":[{"count":1,"href":"https:\/\/mfc08.de\/index.php?rest_route=\/wp\/v2\/posts\/6370\/revisions"}],"predecessor-version":[{"id":6371,"href":"https:\/\/mfc08.de\/index.php?rest_route=\/wp\/v2\/posts\/6370\/revisions\/6371"}],"wp:featuredmedia":[{"embeddable":true,"href":"https:\/\/mfc08.de\/index.php?rest_route=\/wp\/v2\/media\/4689"}],"wp:attachment":[{"href":"https:\/\/mfc08.de\/index.php?rest_route=%2Fwp%2Fv2%2Fmedia&parent=6370"}],"wp:term":[{"taxonomy":"category","embeddable":true,"href":"https:\/\/mfc08.de\/index.php?rest_route=%2Fwp%2Fv2%2Fcategories&post=6370"},{"taxonomy":"post_tag","embeddable":true,"href":"https:\/\/mfc08.de\/index.php?rest_route=%2Fwp%2Fv2%2Ftags&post=6370"}],"curies":[{"name":"wp","href":"https:\/\/api.w.org\/{rel}","templated":true}]}}