{"id":6400,"date":"2023-03-31T13:20:59","date_gmt":"2023-03-31T13:20:59","guid":{"rendered":"https:\/\/mfc08.de\/?p=6400"},"modified":"2023-03-31T13:23:27","modified_gmt":"2023-03-31T13:23:27","slug":"mitgliederversammlung-2023","status":"publish","type":"post","link":"https:\/\/mfc08.de\/?p=6400","title":{"rendered":"Mitgliederversammlung 2023"},"content":{"rendered":"\n<p>Am Freitag, den 24.03.2022 fand die Jahreshauptversammlung des MFC 08 Lindenhof in der Vereinsgastst\u00e4tte am Promenadenweg statt.<\/p>\n\n\n\n<p>W\u00e4hrend der Bericht des Vorstandes sich weitgehend mit den eher unerfreulichen Problemen rund um unsere doch etwas in die Jahre gekommen Anlage befasste, waren die Berichte der Abteilungen durchweg von positiven sportlichen und gesellschaftlichen Themen gepr\u00e4gt.<\/p>\n\n\n\n<p>Die dort geleistete, hervorragende Arbeit spiegelt sich auch in dem derzeit stetigen Mitgliederzuwachs wider, der in allen Abteilungen zu verzeichnen ist.<\/p>\n\n\n\n<p>Ebenfalls wurde \u00fcber den Kooperationsvertrag mit dem Dartsclub Mannheim United e.V. berichtet, der haupts\u00e4chlich die Errichtung einer ligatauglichen Dartsanlage im hinteren Teil des Nebenraumes der Gastst\u00e4tte beinhaltet.<\/p>\n\n\n\n<p>Der Bericht des Schatzmeisters beendete diesen Teil der Versammlung mit der abschlie\u00dfenden Entlastung des Vorstands.<\/p>\n\n\n\n<p>Neu zu w\u00e4hlen waren in diesem Jahr die Kassenpr\u00fcfer und der \u00c4ltestenrat.<br><br>Zur Kassenpr\u00fcfung stellten sich Klaus Kamin und Klaudia Krause zur Wiederwahl und wurden einstimmig erneut bestellt.<\/p>\n\n\n\n<p>Auch die bisherigen Mitglieder des \u00c4ltestenrates stellten sich ausnahmslos erneut zur Wahl. Hier bekundeten zwei weitere Mitglieder das Interesse an einer Mitarbeit in diesem Gremium und alle wurden gemeinsam ebenfalls einstimmig gew\u00e4hlt. &nbsp;<br><br>Der neue \u00c4ltestenrat besteht nun aus den Mitgliedern<br><br>Klaus J. Hartel, Klaus Kamin, Friedrich Lutterkort, Regine M\u00fccke, Roland M\u00fccke, Christian Nohe, Christel Peikert, Werner Seidelmann und Wolfgang Taubert<\/p>\n\n\n\n<p>Zum Abschluss der Versammlung wurde unter dem Punkt \u201eVerschiedenes\u201c der Entwurf der \u00fcberarbeiteten Satzung seitens des Sprechers der Satzungskommission Klaus J. Hartel dem Vorstand \u00fcbergeben. Dieser Entwurf wird nun seitens des Vorstandes er\u00f6rtert, nochmals steuerlichen und rechtlichen Pr\u00fcfungen unterzogen und dann vermutlich im Rahmen der Mitgliederversammlung im Jahr 2024 zur Abstimmung vorgelegt.<\/p>\n\n\n\n<p>Die Jahreshauptversammlung war damit beendet, an dem auch in diesem Jahr gro\u00dfen gemeinsamen Tisch klang der Abend gem\u00fctlich aus.<\/p>\n","protected":false},"excerpt":{"rendered":"<p>Am Freitag, den 24.03.2022 fand die Jahreshauptversammlung des MFC 08 Lindenhof in der Vereinsgastst\u00e4tte am Promenadenweg statt. W\u00e4hrend der Bericht des Vorstandes sich weitgehend mit den eher unerfreulichen Problemen rund um unsere doch etwas in die Jahre gekommen Anlage befasste, waren die Berichte der Abteilungen durchweg von positiven sportlichen und gesellschaftlichen Themen gepr\u00e4gt. Die dort&hellip;&nbsp;<a href=\"https:\/\/mfc08.de\/?p=6400\" rel=\"bookmark\">Weiterlesen &raquo;<span class=\"screen-reader-text\">Mitgliederversammlung 2023<\/span><\/a><\/p>\n","protected":false},"author":2,"featured_media":6401,"comment_status":"closed","ping_status":"closed","sticky":false,"template":"","format":"standard","meta":{"neve_meta_sidebar":"","neve_meta_container":"","neve_meta_enable_content_width":"","neve_meta_content_width":0,"neve_meta_title_alignment":"","neve_meta_author_avatar":"","neve_post_elements_order":"","neve_meta_disable_header":"","neve_meta_disable_footer":"","neve_meta_disable_title":"","_themeisle_gutenberg_block_has_review":false,"footnotes":""},"categories":[1],"tags":[],"class_list":["post-6400","post","type-post","status-publish","format-standard","has-post-thumbnail","hentry","category-uncategorized"],"_links":{"self":[{"href":"https:\/\/mfc08.de\/index.php?rest_route=\/wp\/v2\/posts\/6400","targetHints":{"allow":["GET"]}}],"collection":[{"href":"https:\/\/mfc08.de\/index.php?rest_route=\/wp\/v2\/posts"}],"about":[{"href":"https:\/\/mfc08.de\/index.php?rest_route=\/wp\/v2\/types\/post"}],"author":[{"embeddable":true,"href":"https:\/\/mfc08.de\/index.php?rest_route=\/wp\/v2\/users\/2"}],"replies":[{"embeddable":true,"href":"https:\/\/mfc08.de\/index.php?rest_route=%2Fwp%2Fv2%2Fcomments&post=6400"}],"version-history":[{"count":3,"href":"https:\/\/mfc08.de\/index.php?rest_route=\/wp\/v2\/posts\/6400\/revisions"}],"predecessor-version":[{"id":6404,"href":"https:\/\/mfc08.de\/index.php?rest_route=\/wp\/v2\/posts\/6400\/revisions\/6404"}],"wp:featuredmedia":[{"embeddable":true,"href":"https:\/\/mfc08.de\/index.php?rest_route=\/wp\/v2\/media\/6401"}],"wp:attachment":[{"href":"https:\/\/mfc08.de\/index.php?rest_route=%2Fwp%2Fv2%2Fmedia&parent=6400"}],"wp:term":[{"taxonomy":"category","embeddable":true,"href":"https:\/\/mfc08.de\/index.php?rest_route=%2Fwp%2Fv2%2Fcategories&post=6400"},{"taxonomy":"post_tag","embeddable":true,"href":"https:\/\/mfc08.de\/index.php?rest_route=%2Fwp%2Fv2%2Ftags&post=6400"}],"curies":[{"name":"wp","href":"https:\/\/api.w.org\/{rel}","templated":true}]}}