{"id":6415,"date":"2023-04-02T18:14:01","date_gmt":"2023-04-02T18:14:01","guid":{"rendered":"https:\/\/mfc08.de\/?p=6415"},"modified":"2023-04-02T18:47:57","modified_gmt":"2023-04-02T18:47:57","slug":"fv-bruehl-2-mfc-08-lindenhof-32-31","status":"publish","type":"post","link":"https:\/\/mfc08.de\/?p=6415","title":{"rendered":"FV Br\u00fchl 2 &#8211; MFC 08 Lindenhof 3:2 (3:1)"},"content":{"rendered":"\n<p>Mit einem 2:3 (1:3) musste die erste Mannschaft beim FV Br\u00fchl 2 die erste Niederlage in der R\u00fcckrunde hinnehmen<\/p>\n\n\n\n<p>Die Mannschaft kam eigentlich gut ins Spiel und hatte fr\u00fch durch Tobias Baumann die erste Chance, aber er scheiterte am gut reagierenden Br\u00fchler Torwart. Kurz danach verlor man am eigenen Strafraum den Ball und ein Br\u00fchler St\u00fcrmer konnte zum 1:0 vollstrecken. Fast w\u00e4re schnell der Ausgleich gelungen, aber ein Schuss von Ivan Vlaho wurde gerade noch kurz vor der Linie gekl\u00e4rt und der Nachschuss von Michele Cottitto ging am Tor vorbei. Besser machten es wenig sp\u00e4ter erneut die Gastgeber. Nach einem langen Ball kam der Br\u00fchler St\u00fcrmer kurz vor dem aus seinem Tor eilenden Lucas Neuhof an den Ball, legte diesen vorbei und schob zum 2:0 ein. In der Folge entwickelte sich ein offenes Spiel, in dem Yusuf Demirci die Chance zum Anschluss hatte, aber am erneut gut reagierenden Br\u00fchler Torwart scheiterte und kurz danach hatte man Gl\u00fcck, dass ein Schuss der Br\u00fchler an der Latte landete. Hoffnung keimte dann auf, als Yusuf Demirci kurz vor der Pause auf 1:2 verk\u00fcrzen konnte, aber vom Anspiel weg kam erneut ein Br\u00fchler St\u00fcrmer v\u00f6llig frei im Strafraum zum Abschluss und traf zum 3:1 Halbzeitstand. Nach der Pause kam unser Team druckvoller aus der Kabine und dr\u00e4ngte auf den Anschluss, musste aber immer wieder auf die gef\u00e4hrlichen Konter der Gastgeber achten. Trotz Chancen auf beiden Seiten fiel erst in der Schlussphase der n\u00e4chste Treffer. Nach einem Eckball von Yusuf Demirci verk\u00fcrzte Ivan Vlaho per Kopf auf 2:3. Auch danach versuchte unser Team noch zum Ausgleich kommen, aber bei der besten Chance scheiterte Aleksandar Markovic nach einer feinen Einzelleistung erneut am starken Br\u00fchler Torwart. In der Nachspielzeit rettete noch Lucas Neuhof gegen einen frei vor ihm auftauchenden Br\u00fchler, aber kurz danach war Schluss und somit blieb es bei der knappen Niederlage<\/p>\n\n\n\n<p>Bereits am Donnerstag gibt es beim FV 08 Hockenheim die M\u00f6glichkeit zur Wiedergutmachung und am Ostermontag geht es dann zu Hause gegen den FC Germania Friedrichsfeld \u00a0<\/p>\n","protected":false},"excerpt":{"rendered":"<p>Mit einem 2:3 (1:3) musste die erste Mannschaft beim FV Br\u00fchl 2 die erste Niederlage in der R\u00fcckrunde hinnehmen Die Mannschaft kam eigentlich gut ins Spiel und hatte fr\u00fch durch Tobias Baumann die erste Chance, aber er scheiterte am gut reagierenden Br\u00fchler Torwart. Kurz danach verlor man am eigenen Strafraum den Ball und ein Br\u00fchler&hellip;&nbsp;<a href=\"https:\/\/mfc08.de\/?p=6415\" rel=\"bookmark\">Weiterlesen &raquo;<span class=\"screen-reader-text\">FV Br\u00fchl 2 &#8211; MFC 08 Lindenhof 3:2 (3:1)<\/span><\/a><\/p>\n","protected":false},"author":5,"featured_media":4689,"comment_status":"closed","ping_status":"closed","sticky":false,"template":"","format":"standard","meta":{"neve_meta_sidebar":"","neve_meta_container":"","neve_meta_enable_content_width":"","neve_meta_content_width":0,"neve_meta_title_alignment":"","neve_meta_author_avatar":"","neve_post_elements_order":"","neve_meta_disable_header":"","neve_meta_disable_footer":"","neve_meta_disable_title":"","_themeisle_gutenberg_block_has_review":false,"footnotes":""},"categories":[3],"tags":[],"class_list":["post-6415","post","type-post","status-publish","format-standard","has-post-thumbnail","hentry","category-1-mannschaft"],"_links":{"self":[{"href":"https:\/\/mfc08.de\/index.php?rest_route=\/wp\/v2\/posts\/6415","targetHints":{"allow":["GET"]}}],"collection":[{"href":"https:\/\/mfc08.de\/index.php?rest_route=\/wp\/v2\/posts"}],"about":[{"href":"https:\/\/mfc08.de\/index.php?rest_route=\/wp\/v2\/types\/post"}],"author":[{"embeddable":true,"href":"https:\/\/mfc08.de\/index.php?rest_route=\/wp\/v2\/users\/5"}],"replies":[{"embeddable":true,"href":"https:\/\/mfc08.de\/index.php?rest_route=%2Fwp%2Fv2%2Fcomments&post=6415"}],"version-history":[{"count":2,"href":"https:\/\/mfc08.de\/index.php?rest_route=\/wp\/v2\/posts\/6415\/revisions"}],"predecessor-version":[{"id":6417,"href":"https:\/\/mfc08.de\/index.php?rest_route=\/wp\/v2\/posts\/6415\/revisions\/6417"}],"wp:featuredmedia":[{"embeddable":true,"href":"https:\/\/mfc08.de\/index.php?rest_route=\/wp\/v2\/media\/4689"}],"wp:attachment":[{"href":"https:\/\/mfc08.de\/index.php?rest_route=%2Fwp%2Fv2%2Fmedia&parent=6415"}],"wp:term":[{"taxonomy":"category","embeddable":true,"href":"https:\/\/mfc08.de\/index.php?rest_route=%2Fwp%2Fv2%2Fcategories&post=6415"},{"taxonomy":"post_tag","embeddable":true,"href":"https:\/\/mfc08.de\/index.php?rest_route=%2Fwp%2Fv2%2Ftags&post=6415"}],"curies":[{"name":"wp","href":"https:\/\/api.w.org\/{rel}","templated":true}]}}